{"id":25669,"date":"2023-05-02T11:55:55","date_gmt":"2023-05-02T09:55:55","guid":{"rendered":"https:\/\/bisbalpenedes.com\/web\/?p=25669"},"modified":"2023-05-02T11:57:27","modified_gmt":"2023-05-02T09:57:27","slug":"avui-dimarts-2-de-maig-ha-tingut-lloc-un-ple-extraordinari-a-lajuntament-de-la-bisbal-del-penedes","status":"publish","type":"post","link":"https:\/\/bisbalpenedes.com\/web\/2023\/05\/02\/avui-dimarts-2-de-maig-ha-tingut-lloc-un-ple-extraordinari-a-lajuntament-de-la-bisbal-del-penedes\/","title":{"rendered":"Avui dimarts 2 de maig s&#8217;ha celebrat un Ple extraordinari a l\u2019Ajuntament de la Bisbal del Pened\u00e8s"},"content":{"rendered":"\n<p>Avui dimarts 2 de maig s\u2019ha celebrat un Ple extraordinari a l\u2019Ajuntament de la Bisbal del Pened\u00e8s. S\u2019ha absentat el regidor Xavier Faura (Units per la Bisbal-FIC). S\u2019hi han tractat els punts seg\u00fcents:<\/p>\n\n\n\n<p><strong>Punt 1. Sorteig per a la designaci\u00f3 dels membres titulars i suplents de les meses electorals de les eleccions municipals del 28 de maig.<\/strong><\/p>\n\n\n\n<p>Els sorteigs per a la designaci\u00f3 de les taules electorals estan regulats per l\u2019article 26 de la Llei Org\u00e0nica 5\/1985, de 19 de juliol, del R\u00e8gim Electoral General (LOREG):<\/p>\n\n\n\n<p>El sorteig \u00e9s p\u00fablic entre la totalitat de les persones incloses en la llista d\u2019electors de la Mesa corresponent, que s\u00e0piguen llegir i escriure i siguin menors de setanta anys, si b\u00e9 a partir dels seixanta-cinc anys podran manifestar la seva ren\u00fancia en un termini de set dies.<\/p>\n\n\n\n<p>El President\/La Presidenta haur\u00e0 de tenir el t\u00edtol de Batxiller o el de Formaci\u00f3 Professional de Segon Grau o, subsidi\u00e0riament, el de Graduat Escolar o equivalent.<\/p>\n\n\n\n<p>Les persones designades com a President\/a o vocals i que tinguin una causa justificada i documentada que els impedeixi estar a les meses, tindran set dies per al\u00b7legar-ho davant la Junta Electoral de Zona.<\/p>\n\n\n\n<p>Les persones que formen part d\u2019una candidatura a les eleccions no poden ser membres de les meses electorals.<\/p>\n\n\n\n<p>Fins a les darreres eleccions, a la Bisbal del Pened\u00e8s hi havia quatre meses electorals. Com que la poblaci\u00f3 del municipi ha augmentat, ara n\u2019hi ha cinc. Les meses es distribuiran de la seg\u00fcent manera:<\/p>\n\n\n\n<p><strong><u>Al gimn\u00e0s de l\u2019Escola Ull de Vent<\/u><\/strong> (avda. Baix Pened\u00e8s s\/n): hi haur\u00e0 tres meses electorals per a les persones votants residents a les urbanitzacions del <strong>Priorat, Can Gordei, l\u2019Esplai, la Masieta i la Pineda de Santa Cristina.<\/strong><\/p>\n\n\n\n<p><strong><u>Al menjador de l\u2019Escola Ull de Vent<\/u><\/strong> (avda. Baix Pened\u00e8s s\/n): hi haur\u00e0 dues meses per a les persones votants residents al <strong>nucli, a l\u2019Ortig\u00f3s i a les urbanitzacions de la Miralba i el Papagai.<\/strong><\/p>\n\n\n\n<p>El sorteig realitzat marca els Presidents i les presidentes, els i les vocals aix\u00ed com el nombre m\u00e0xim de suplents.<\/p>\n\n\n\n<p><strong>Punt 2. Aprovaci\u00f3 de la versi\u00f3 definitiva del conveni de transport urb\u00e0 entre l\u2019Ajuntament de la Bisbal del Pened\u00e8s, l\u2019empresa Autocares \u00cdzaro i la Generalitat de Catalunya.<\/strong><\/p>\n\n\n\n<p>S\u2019ha aprovat amb els vots a favor de Comprom\u00eds amb la Bisbal (6); PSC (2) i ERC-AM (1) i l&#8217;abstenci\u00f3 d&#8217;Ara la Bisbal (1).<\/p>\n\n\n\n<p>El Ple extraordinari del 3 d\u2019abril va aprovar el conveni de transport per al servei de bus, ja que ven\u00e7 aquest mes de maig. En aquell Ple, s\u2019aprovava donar continu\u00eftat al conveni actual, amb motiu de la finalitzaci\u00f3 de l\u2019anterior conveni, fins a l\u2019aprovaci\u00f3 del nou conveni amb els nous serveis i viatges (que est\u00e0 previst que comenci a funcionar a partir del mes de setembre). La pr\u00f2rroga del conveni inclo\u00efa una revisi\u00f3 de preus a causa de la pujada del preu dels combustibles.<\/p>\n\n\n\n<p>El conveni aprovat a l\u2019abril tenia el vistiplau de l\u2019empresa \u00cdzaro i de l\u2019Autoritat de la Mobilitat del Camp de Tarragona, organisme depenent dels Serveis Territorials de Territori i Sostenibilitat de la Generalitat de Catalunya. Una vegada elevat al Ple i aprovat el conveni, es va notificar l\u2019acord i es va enviar el conveni -per signar- a l\u2019empresa, a l\u2019Autoritat Territorial de la Mobilitat del Camp de Tarragona i al Departament de Territori i Sostenibilitat de la Generalitat. El 24 d\u2019abril el Departament Jur\u00eddic del Departament de Territori i Sostenibilitat de la Generalitat va fer arribar, mitjan\u00e7ant el registre d\u2019entrada, algunes modificacions en el conveni: modificacions en el n\u00famero dels apartats, el nom del representant i altres, sense modificar ni l\u2019import ni els acords del conveni. El Ple d\u2019aquest dimarts ha aprovat la nova redacci\u00f3 del conveni amb les modificacions realitzades des del Departament Jur\u00eddic del Departament de Territori i Sostenibilitat de la Generalitat de Catalunya.<\/p>\n\n\n\n<p><strong>CASTELLANO |<\/strong> Hoy martes 2 de mayo se ha celebrado un Pleno extraordinario en el Ayuntamiento de la Bisbal del Pened\u00e8s. Se ha ausentado el concejal Xavier Faura (Units per la Bisbal-FIC). Se han tratado los puntos siguientes:<\/p>\n\n\n\n<p><strong>Punto 1. Sorteo para la designaci\u00f3n de los miembros titulares y suplentes de las mesas electorales de las elecciones municipales del 28 de mayo.<\/strong><\/p>\n\n\n\n<p>Los sorteos para la designaci\u00f3n de las mesas electorales est\u00e1n regulados por el art\u00edculo 26 de la Ley Org\u00e1nica 5\/1985, de 19 de julio, del R\u00e9gimen Electoral General (LOREG):<\/p>\n\n\n\n<p>El sorteo es p\u00fablico entre la totalidad de las personas incluidas en la lista de electores de la Mesa correspondiente, que sepan leer y escribir y sean menores de setenta a\u00f1os, si bien a partir de los sesenta y cinco a\u00f1os podr\u00e1n manifestar su renuncia en un plazo de siete d\u00edas.<\/p>\n\n\n\n<p>El Presidente\/La Presidenta deber\u00e1 tener el t\u00edtulo de Bachiller o el de Formaci\u00f3n Profesional de Segundo Grado o, subsidiariamente, el de Graduado Escolar o equivalente.<\/p>\n\n\n\n<p>Las personas designadas como Presidente\/a o vocales y que tengan una causa justificada y documentada que les impida estar a las mesas, tendr\u00e1n siete d\u00edas para alegarlo ante la Junta Electoral de Zona.<\/p>\n\n\n\n<p>Las personas que forman parte de una candidatura a las elecciones no pueden ser miembros de las mesas electorales.<\/p>\n\n\n\n<p>Hasta las \u00faltimas elecciones, en la Bisbal del Pened\u00e8s hab\u00eda cuatro mesas electorales. Teniendo en cuenta que la poblaci\u00f3n del municipio ha aumentado, ahora hay cinco. Las mesas se distribuir\u00e1n de la siguiente manera:<\/p>\n\n\n\n<p><strong><u>En el gimnasio de la escuela Ull de Vent<\/u><\/strong> (avda. Baix Pened\u00e8s s\/n): habr\u00e1 tres mesas electorales para las personas votantes residentes en las urbanizaciones del Priorat, Can Gordei, l\u2019Esplai, la Masieta y la Pineda de Santa Cristina.<\/p>\n\n\n\n<p><strong><u>En el comedor de la escuela Ull de Vent<\/u><\/strong> (avda. Baix Pened\u00e8s s\/n): habr\u00e1 dos mesas para las personas votantes residentes al n\u00facleo, l\u2019Ortig\u00f3s y en las urbanizaciones de la Miralba y el Papagai.<\/p>\n\n\n\n<p>El sorteo realizado marca los Presidentes y las presidentas, los y las vocales as\u00ed como el n\u00famero m\u00e1ximo de suplentes.<\/p>\n\n\n\n<p><strong>Punto 2. Aprobaci\u00f3n de la versi\u00f3n definitiva del convenio de transporte urbano entre el Ayuntamiento de la Bisbal del Pened\u00e8s, la empresa Autocares \u00cdzaro y la Generalitat de Catalu\u00f1a.<\/strong><\/p>\n\n\n\n<p>Se ha aprobado con los votos a favor de Comprom\u00eds amb la Bisbal (6); PSC (2) y ERC-AM (1) y la abstenci\u00f3n d&#8217;Ara la Bisbal (1).<\/p>\n\n\n\n<p>Pleno extraordinario del 3 de abril aprob\u00f3 el convenio de transporte para el servicio de bus, puesto que vence este mes de mayo. En aquel Pleno, se aprobaba dar continuidad al convenio actual, con motivo de la finalizaci\u00f3n del anterior convenio, hasta la aprobaci\u00f3n del nuevo convenio con los nuevos servicios y viajes (que est\u00e1 previsto que empiece a funcionar a partir del mes de septiembre). La pr\u00f3rroga del convenio inclu\u00eda una revisi\u00f3n de precios a causa de la subida del precio de los combustibles.<\/p>\n\n\n\n<p>El convenio aprobado en abril ten\u00eda el visto bueno de la empresa \u00cdzaro y de la Autoridad de la Movilidad del Camp de Tarragona, organismo dependiente de los Servicios Territoriales de Territorio y Sostenibilidad de la Generalitat de Catalu\u00f1a. Una vez elevado al Pleno y aprobado el convenio, se notific\u00f3 el acuerdo y se envi\u00f3 el convenio -para firmar- a la empresa, a la Autoridad Territorial de la Movilidad del Camp de Tarragona y al Departamento de Territorio y Sostenibilidad de la Generalitat. El 24 de abril el Departamento Jur\u00eddico del Departamento de Territorio y Sostenibilidad de la Generalitat hizo llegar, mediante el registro de entrada, algunas modificaciones en el convenio: modificaciones en el n\u00famero de los apartados, el nombre del representante y otros, sin modificar ni el importe ni los acuerdos del convenio. El Pleno de este martes ha aprobado la nueva redacci\u00f3n del convenio con las modificaciones realizadas desde el Departamento Jur\u00eddico del Departamento de Territorio y Sostenibilidad de la Generalitat de Catalu\u00f1a.<\/p>\n","protected":false},"excerpt":{"rendered":"<p>Avui dimarts 2 de maig s\u2019ha celebrat un Ple extraordinari a l\u2019Ajuntament de la Bisbal del Pened\u00e8s. S\u2019ha absentat el regidor Xavier Faura (Units per la Bisbal-FIC). S\u2019hi han tractat &hellip; <a href=\"https:\/\/bisbalpenedes.com\/web\/2023\/05\/02\/avui-dimarts-2-de-maig-ha-tingut-lloc-un-ple-extraordinari-a-lajuntament-de-la-bisbal-del-penedes\/\" class=\"more-link\">Read More<\/a><\/p>\n","protected":false},"author":4,"featured_media":25670,"comment_status":"closed","ping_status":"closed","sticky":false,"template":"","format":"standard","meta":[],"categories":[8,2250],"tags":[459,393,3779,423],"_links":{"self":[{"href":"https:\/\/bisbalpenedes.com\/web\/wp-json\/wp\/v2\/posts\/25669"}],"collection":[{"href":"https:\/\/bisbalpenedes.com\/web\/wp-json\/wp\/v2\/posts"}],"about":[{"href":"https:\/\/bisbalpenedes.com\/web\/wp-json\/wp\/v2\/types\/post"}],"author":[{"embeddable":true,"href":"https:\/\/bisbalpenedes.com\/web\/wp-json\/wp\/v2\/users\/4"}],"replies":[{"embeddable":true,"href":"https:\/\/bisbalpenedes.com\/web\/wp-json\/wp\/v2\/comments?post=25669"}],"version-history":[{"count":2,"href":"https:\/\/bisbalpenedes.com\/web\/wp-json\/wp\/v2\/posts\/25669\/revisions"}],"predecessor-version":[{"id":25672,"href":"https:\/\/bisbalpenedes.com\/web\/wp-json\/wp\/v2\/posts\/25669\/revisions\/25672"}],"wp:featuredmedia":[{"embeddable":true,"href":"https:\/\/bisbalpenedes.com\/web\/wp-json\/wp\/v2\/media\/25670"}],"wp:attachment":[{"href":"https:\/\/bisbalpenedes.com\/web\/wp-json\/wp\/v2\/media?parent=25669"}],"wp:term":[{"taxonomy":"category","embeddable":true,"href":"https:\/\/bisbalpenedes.com\/web\/wp-json\/wp\/v2\/categories?post=25669"},{"taxonomy":"post_tag","embeddable":true,"href":"https:\/\/bisbalpenedes.com\/web\/wp-json\/wp\/v2\/tags?post=25669"}],"curies":[{"name":"wp","href":"https:\/\/api.w.org\/{rel}","templated":true}]}}