{"id":25664,"date":"2023-05-02T07:40:20","date_gmt":"2023-05-02T05:40:20","guid":{"rendered":"https:\/\/bisbalpenedes.com\/web\/?p=25664"},"modified":"2023-05-02T07:40:20","modified_gmt":"2023-05-02T05:40:20","slug":"1r-aniversari-de-lassociacio-per-la-proteccio-de-la-infantesa-contra-labus-dissabte-6-de-maig-al-priorat-de-la-bisbal-2","status":"publish","type":"post","link":"https:\/\/bisbalpenedes.com\/web\/2023\/05\/02\/1r-aniversari-de-lassociacio-per-la-proteccio-de-la-infantesa-contra-labus-dissabte-6-de-maig-al-priorat-de-la-bisbal-2\/","title":{"rendered":"1r aniversari de l\u2019Associaci\u00f3 per la Protecci\u00f3 de la Infantesa Contra l\u2019Ab\u00fas \u2013 Dissabte 6 de maig al Priorat de la Bisbal"},"content":{"rendered":"\n<p>L\u2019Associaci\u00f3 P.I.C.A. (Protecci\u00f3 de la Infantesa Contra l\u2019Ab\u00fas) celebrar\u00e0 el seu 1r aniversari al Priorat de la Bisbal, el dissabte 6 de maig, amb una matinal solid\u00e0ria. Us adjuntem el cartell amb les activitats previstes.<\/p>\n\n\n\n<hr class=\"wp-block-separator has-alpha-channel-opacity\"\/>\n\n\n\n<p>La Asociaci\u00f3n P.I.C.A. (Protecci\u00f3n de la Infancia Contra el Abuso) celebrar\u00e1 su 1\u00ba aniversario en el Priorat de la Bisbal, el s\u00e1bado 6 de mayo, con una matinal solidaria. Os adjuntamos el cartel con las actividades previstas.<\/p>\n","protected":false},"excerpt":{"rendered":"<p>L\u2019Associaci\u00f3 P.I.C.A. (Protecci\u00f3 de la Infantesa Contra l\u2019Ab\u00fas) celebrar\u00e0 el seu 1r aniversari al Priorat de la Bisbal, el dissabte 6 de maig, amb una matinal solid\u00e0ria. Us adjuntem el &hellip; <a href=\"https:\/\/bisbalpenedes.com\/web\/2023\/05\/02\/1r-aniversari-de-lassociacio-per-la-proteccio-de-la-infantesa-contra-labus-dissabte-6-de-maig-al-priorat-de-la-bisbal-2\/\" class=\"more-link\">Read More<\/a><\/p>\n","protected":false},"author":4,"featured_media":25666,"comment_status":"closed","ping_status":"closed","sticky":false,"template":"","format":"standard","meta":[],"categories":[8],"tags":[1949,5992,459,393,1374,5550,373],"_links":{"self":[{"href":"https:\/\/bisbalpenedes.com\/web\/wp-json\/wp\/v2\/posts\/25664"}],"collection":[{"href":"https:\/\/bisbalpenedes.com\/web\/wp-json\/wp\/v2\/posts"}],"about":[{"href":"https:\/\/bisbalpenedes.com\/web\/wp-json\/wp\/v2\/types\/post"}],"author":[{"embeddable":true,"href":"https:\/\/bisbalpenedes.com\/web\/wp-json\/wp\/v2\/users\/4"}],"replies":[{"embeddable":true,"href":"https:\/\/bisbalpenedes.com\/web\/wp-json\/wp\/v2\/comments?post=25664"}],"version-history":[{"count":1,"href":"https:\/\/bisbalpenedes.com\/web\/wp-json\/wp\/v2\/posts\/25664\/revisions"}],"predecessor-version":[{"id":25667,"href":"https:\/\/bisbalpenedes.com\/web\/wp-json\/wp\/v2\/posts\/25664\/revisions\/25667"}],"wp:featuredmedia":[{"embeddable":true,"href":"https:\/\/bisbalpenedes.com\/web\/wp-json\/wp\/v2\/media\/25666"}],"wp:attachment":[{"href":"https:\/\/bisbalpenedes.com\/web\/wp-json\/wp\/v2\/media?parent=25664"}],"wp:term":[{"taxonomy":"category","embeddable":true,"href":"https:\/\/bisbalpenedes.com\/web\/wp-json\/wp\/v2\/categories?post=25664"},{"taxonomy":"post_tag","embeddable":true,"href":"https:\/\/bisbalpenedes.com\/web\/wp-json\/wp\/v2\/tags?post=25664"}],"curies":[{"name":"wp","href":"https:\/\/api.w.org\/{rel}","templated":true}]}}