{"id":25662,"date":"2023-05-02T10:00:00","date_gmt":"2023-05-02T08:00:00","guid":{"rendered":"https:\/\/bisbalpenedes.com\/web\/?p=25662"},"modified":"2023-05-02T07:05:49","modified_gmt":"2023-05-02T05:05:49","slug":"festa-de-la-primavera-de-la-societat-dissabte-6-i-diumenge-7-de-maig","status":"publish","type":"post","link":"https:\/\/bisbalpenedes.com\/web\/2023\/05\/02\/festa-de-la-primavera-de-la-societat-dissabte-6-i-diumenge-7-de-maig\/","title":{"rendered":"Festa de la Primavera de la Societat: dissabte 6 i diumenge 7 de maig"},"content":{"rendered":"\n<p>Arriba la Festa de la Primavera de la Societat!\u00a0<\/p>\n\n\n\n<p>El dissabte 6 de maig, a les 21:30h, es far\u00e0 un sopar (inscripcions fins al 4 de maig a consergeria o al correu <a href=\"mailto:lasocietat@gmail.com\">lasocietat@gmail.com<\/a>).<\/p>\n\n\n\n<p>El diumenge 7 de maig, a les 12h, tindr\u00e0 lloc una trobada de manotes i una cercavila per la vila. A les 18h es far\u00e0 una nova sessi\u00f3 del CineXic amb la pel\u00b7l\u00edcula &#8220;Jacob, Mimi i els Gossos del Barri&#8221;.<\/p>\n\n\n\n<hr class=\"wp-block-separator has-alpha-channel-opacity\"\/>\n\n\n\n<p>\u00a1Llega la Fiesta de la Primavera de la Societat!<\/p>\n\n\n\n<p>El s\u00e1bado 6 de mayo, a las 21:30h, se har\u00e1 una cena (inscripciones hasta el 4 de mayo en conserjer\u00eda o en el correo <a href=\"mailto:lasocietat@gmail.com\">lasocietat@gmail.com<\/a>).<\/p>\n\n\n\n<p>El domingo 7 de mayo, a las 12h, tendr\u00e1 lugar un encuentro de &#8216;manotes&#8217; y un pasacalle por el pueblo. A las 18h se har\u00e1 una nueva sesi\u00f3n del CineXic con la pel\u00edcula &#8216;Jacob, Mimi i els Gossos del Barri&#8221;.<\/p>\n\n\n\n<p><\/p>\n","protected":false},"excerpt":{"rendered":"<p>Arriba la Festa de la Primavera de la Societat!\u00a0 El dissabte 6 de maig, a les 21:30h, es far\u00e0 un sopar (inscripcions fins al 4 de maig a consergeria o &hellip; <a href=\"https:\/\/bisbalpenedes.com\/web\/2023\/05\/02\/festa-de-la-primavera-de-la-societat-dissabte-6-i-diumenge-7-de-maig\/\" class=\"more-link\">Read More<\/a><\/p>\n","protected":false},"author":4,"featured_media":25658,"comment_status":"closed","ping_status":"closed","sticky":false,"template":"","format":"standard","meta":[],"categories":[2942,13,20,8],"tags":[459,393,300,1245,5991],"_links":{"self":[{"href":"https:\/\/bisbalpenedes.com\/web\/wp-json\/wp\/v2\/posts\/25662"}],"collection":[{"href":"https:\/\/bisbalpenedes.com\/web\/wp-json\/wp\/v2\/posts"}],"about":[{"href":"https:\/\/bisbalpenedes.com\/web\/wp-json\/wp\/v2\/types\/post"}],"author":[{"embeddable":true,"href":"https:\/\/bisbalpenedes.com\/web\/wp-json\/wp\/v2\/users\/4"}],"replies":[{"embeddable":true,"href":"https:\/\/bisbalpenedes.com\/web\/wp-json\/wp\/v2\/comments?post=25662"}],"version-history":[{"count":1,"href":"https:\/\/bisbalpenedes.com\/web\/wp-json\/wp\/v2\/posts\/25662\/revisions"}],"predecessor-version":[{"id":25663,"href":"https:\/\/bisbalpenedes.com\/web\/wp-json\/wp\/v2\/posts\/25662\/revisions\/25663"}],"wp:featuredmedia":[{"embeddable":true,"href":"https:\/\/bisbalpenedes.com\/web\/wp-json\/wp\/v2\/media\/25658"}],"wp:attachment":[{"href":"https:\/\/bisbalpenedes.com\/web\/wp-json\/wp\/v2\/media?parent=25662"}],"wp:term":[{"taxonomy":"category","embeddable":true,"href":"https:\/\/bisbalpenedes.com\/web\/wp-json\/wp\/v2\/categories?post=25662"},{"taxonomy":"post_tag","embeddable":true,"href":"https:\/\/bisbalpenedes.com\/web\/wp-json\/wp\/v2\/tags?post=25662"}],"curies":[{"name":"wp","href":"https:\/\/api.w.org\/{rel}","templated":true}]}}