{"id":25655,"date":"2023-05-03T09:00:00","date_gmt":"2023-05-03T07:00:00","guid":{"rendered":"https:\/\/bisbalpenedes.com\/web\/?p=25655"},"modified":"2023-05-02T06:51:33","modified_gmt":"2023-05-02T04:51:33","slug":"concert-de-primavera-organitzat-per-lassociacio-de-cors-antistiana-diumenge-7-de-maig-a-les-1830h","status":"publish","type":"post","link":"https:\/\/bisbalpenedes.com\/web\/2023\/05\/03\/concert-de-primavera-organitzat-per-lassociacio-de-cors-antistiana-diumenge-7-de-maig-a-les-1830h\/","title":{"rendered":"Concert de Primavera organitzat per l&#8217;Associaci\u00f3 de Cors Antistiana &#8211; Diumenge 7 de maig a les 18:30h"},"content":{"rendered":"\n<p>El proper diumenge 7 de maig, a les 18:30h, l&#8217;esgl\u00e9sia parroquial de Santa Maria acollir\u00e0 el concert de primavera &#8216;Napucle canta&#8217; a c\u00e0rrec d&#8217;Al\u00edcia Guti\u00e8rrez (piano) i Josep Anton Gonz\u00e1lez (tenor), organitzat des de l&#8217;Associaci\u00f3 de Cors Antistiana.<\/p>\n\n\n\n<hr class=\"wp-block-separator has-alpha-channel-opacity\"\/>\n\n\n\n<p>El pr\u00f3ximo domingo 7 de mayo, a las 18:30h, la iglesia parroquial de Santa Mar\u00eda acoger\u00e1 el concierto de primavera &#8216;Napucle canta&#8217; a cargo de Alicia Guti\u00e8rrez (piano) y Josep Anton Gonz\u00e1lez (tenor), organizado desde la Associaci\u00f3 de Cors Antistiana.<\/p>\n","protected":false},"excerpt":{"rendered":"<p>El proper diumenge 7 de maig, a les 18:30h, l&#8217;esgl\u00e9sia parroquial de Santa Maria acollir\u00e0 el concert de primavera &#8216;Napucle canta&#8217; a c\u00e0rrec d&#8217;Al\u00edcia Guti\u00e8rrez (piano) i Josep Anton Gonz\u00e1lez &hellip; <a href=\"https:\/\/bisbalpenedes.com\/web\/2023\/05\/03\/concert-de-primavera-organitzat-per-lassociacio-de-cors-antistiana-diumenge-7-de-maig-a-les-1830h\/\" class=\"more-link\">Read More<\/a><\/p>\n","protected":false},"author":4,"featured_media":25656,"comment_status":"closed","ping_status":"closed","sticky":false,"template":"","format":"standard","meta":[],"categories":[2942,20,8],"tags":[2455,5989,459,73,5990,1113,393],"_links":{"self":[{"href":"https:\/\/bisbalpenedes.com\/web\/wp-json\/wp\/v2\/posts\/25655"}],"collection":[{"href":"https:\/\/bisbalpenedes.com\/web\/wp-json\/wp\/v2\/posts"}],"about":[{"href":"https:\/\/bisbalpenedes.com\/web\/wp-json\/wp\/v2\/types\/post"}],"author":[{"embeddable":true,"href":"https:\/\/bisbalpenedes.com\/web\/wp-json\/wp\/v2\/users\/4"}],"replies":[{"embeddable":true,"href":"https:\/\/bisbalpenedes.com\/web\/wp-json\/wp\/v2\/comments?post=25655"}],"version-history":[{"count":1,"href":"https:\/\/bisbalpenedes.com\/web\/wp-json\/wp\/v2\/posts\/25655\/revisions"}],"predecessor-version":[{"id":25657,"href":"https:\/\/bisbalpenedes.com\/web\/wp-json\/wp\/v2\/posts\/25655\/revisions\/25657"}],"wp:featuredmedia":[{"embeddable":true,"href":"https:\/\/bisbalpenedes.com\/web\/wp-json\/wp\/v2\/media\/25656"}],"wp:attachment":[{"href":"https:\/\/bisbalpenedes.com\/web\/wp-json\/wp\/v2\/media?parent=25655"}],"wp:term":[{"taxonomy":"category","embeddable":true,"href":"https:\/\/bisbalpenedes.com\/web\/wp-json\/wp\/v2\/categories?post=25655"},{"taxonomy":"post_tag","embeddable":true,"href":"https:\/\/bisbalpenedes.com\/web\/wp-json\/wp\/v2\/tags?post=25655"}],"curies":[{"name":"wp","href":"https:\/\/api.w.org\/{rel}","templated":true}]}}