{"id":25639,"date":"2023-04-26T16:45:35","date_gmt":"2023-04-26T14:45:35","guid":{"rendered":"https:\/\/bisbalpenedes.com\/web\/?p=25639"},"modified":"2023-04-26T16:47:49","modified_gmt":"2023-04-26T14:47:49","slug":"el-proper-dimarts-1-de-maig-tindra-lloc-un-ple-extraordinari-a-lajuntament-de-la-bisbal-del-penedes","status":"publish","type":"post","link":"https:\/\/bisbalpenedes.com\/web\/2023\/04\/26\/el-proper-dimarts-1-de-maig-tindra-lloc-un-ple-extraordinari-a-lajuntament-de-la-bisbal-del-penedes\/","title":{"rendered":"El proper dimarts 2 de maig a les 9h tindr\u00e0 lloc un Ple extraordinari a l&#8217;Ajuntament de la Bisbal del Pened\u00e8s"},"content":{"rendered":"\n<p>El proper dimarts 2 de maig, a les 9h, tindr\u00e0 lloc un Ple extraordinari a l&#8217;Ajuntament de la Bisbal del Pened\u00e8s amb el seg\u00fcent ordre del dia:<\/p>\n\n\n\n<p>Punt 1.&nbsp;Sorteig per a la designaci\u00f3 dels membres titulars i suplents de les meses electorals, de les eleccions municipals del 28 de maig.<\/p>\n\n\n\n<p>Punt 2.&nbsp;Aprovar el conveni de transport p\u00fablic que substitueix en conveni aprovat a l&#8217;abril.<\/p>\n\n\n\n<hr class=\"wp-block-separator has-alpha-channel-opacity\"\/>\n\n\n\n<p><strong>CASTELLANO\u00a0<\/strong>| El pr\u00f3ximo martes 2 de mayo, a las 9h, tendr\u00e1 lugar un Pleno extraordinario en el Ayuntamiento de la Bisbal del Pened\u00e8s con el siguiente orden del d\u00eda:<\/p>\n\n\n\n<p>Punto 1.&nbsp;Sorteo para la designaci\u00f3n de los miembros titulares y suplentes de las mesas electorales, de las elecciones municipales del 28 de mayo.<\/p>\n\n\n\n<p>Punto 2.&nbsp;Aprobar el convenio de transporte p\u00fablico que sustituye el convenio aprobado en abril.<\/p>\n","protected":false},"excerpt":{"rendered":"<p>El proper dimarts 2 de maig, a les 9h, tindr\u00e0 lloc un Ple extraordinari a l&#8217;Ajuntament de la Bisbal del Pened\u00e8s amb el seg\u00fcent ordre del dia: Punt 1.&nbsp;Sorteig per &hellip; <a href=\"https:\/\/bisbalpenedes.com\/web\/2023\/04\/26\/el-proper-dimarts-1-de-maig-tindra-lloc-un-ple-extraordinari-a-lajuntament-de-la-bisbal-del-penedes\/\" class=\"more-link\">Read More<\/a><\/p>\n","protected":false},"author":4,"featured_media":20647,"comment_status":"closed","ping_status":"closed","sticky":false,"template":"","format":"standard","meta":[],"categories":[8,2250],"tags":[216,459,5985,393,5983,5984,139],"_links":{"self":[{"href":"https:\/\/bisbalpenedes.com\/web\/wp-json\/wp\/v2\/posts\/25639"}],"collection":[{"href":"https:\/\/bisbalpenedes.com\/web\/wp-json\/wp\/v2\/posts"}],"about":[{"href":"https:\/\/bisbalpenedes.com\/web\/wp-json\/wp\/v2\/types\/post"}],"author":[{"embeddable":true,"href":"https:\/\/bisbalpenedes.com\/web\/wp-json\/wp\/v2\/users\/4"}],"replies":[{"embeddable":true,"href":"https:\/\/bisbalpenedes.com\/web\/wp-json\/wp\/v2\/comments?post=25639"}],"version-history":[{"count":4,"href":"https:\/\/bisbalpenedes.com\/web\/wp-json\/wp\/v2\/posts\/25639\/revisions"}],"predecessor-version":[{"id":25643,"href":"https:\/\/bisbalpenedes.com\/web\/wp-json\/wp\/v2\/posts\/25639\/revisions\/25643"}],"wp:featuredmedia":[{"embeddable":true,"href":"https:\/\/bisbalpenedes.com\/web\/wp-json\/wp\/v2\/media\/20647"}],"wp:attachment":[{"href":"https:\/\/bisbalpenedes.com\/web\/wp-json\/wp\/v2\/media?parent=25639"}],"wp:term":[{"taxonomy":"category","embeddable":true,"href":"https:\/\/bisbalpenedes.com\/web\/wp-json\/wp\/v2\/categories?post=25639"},{"taxonomy":"post_tag","embeddable":true,"href":"https:\/\/bisbalpenedes.com\/web\/wp-json\/wp\/v2\/tags?post=25639"}],"curies":[{"name":"wp","href":"https:\/\/api.w.org\/{rel}","templated":true}]}}