{"id":25632,"date":"2023-04-26T11:52:23","date_gmt":"2023-04-26T09:52:23","guid":{"rendered":"https:\/\/bisbalpenedes.com\/web\/?p=25632"},"modified":"2023-04-26T11:52:23","modified_gmt":"2023-04-26T09:52:23","slug":"saprova-el-pagament-de-la-quota-per-al-2023-del-consorci-de-promocio-turistica-del-penedes","status":"publish","type":"post","link":"https:\/\/bisbalpenedes.com\/web\/2023\/04\/26\/saprova-el-pagament-de-la-quota-per-al-2023-del-consorci-de-promocio-turistica-del-penedes\/","title":{"rendered":"S\u2019aprova el pagament de la quota per al 2023 del Consorci de Promoci\u00f3 Tur\u00edstica del Pened\u00e8s"},"content":{"rendered":"\n<p>La Junta de Govern del 25 d\u2019abril ha aprovat el pagament de la quota del Consorci de Promoci\u00f3 Tur\u00edstica del Pened\u00e8s per un import de 1.500\u20ac, el mateix que els \u00faltims anys.<\/p>\n\n\n\n<p>El Consorci \u00e9s un organisme format per entitats p\u00fabliques i privades que es va crear amb l\u2019objectiu de promoure i impulsar pol\u00edtiques coordinades en l\u2019\u00e0mbit de la DO Pened\u00e8s. L\u2019Ajuntament de La Bisbal del Pened\u00e8s n\u2019\u00e9s membre des del mar\u00e7 de l\u2019any 2017 i la regidora de Turisme, Judith Vidal, \u00e9s la vicepresidenta 3\u00aa de l\u2019entitat.<\/p>\n\n\n\n<hr class=\"wp-block-separator has-alpha-channel-opacity\"\/>\n\n\n\n<p><strong>CASTELLANO | <\/strong>La Junta de Gobierno del 25 de abril ha aprobado el pago de la cuota del Consorci de Promoci\u00f3 Tur\u00edstica del Pened\u00e8s por un importe de 1.500\u20ac, el mismo que en los \u00faltimos a\u00f1os.<\/p>\n\n\n\n<p>El Consorci, es un organismo formado por entidades p\u00fablicas y privadas que se cre\u00f3 con el objetivo de promover e impulsar pol\u00edticas coordinadas en el \u00e1mbito de la DO Pened\u00e8s. El Ayuntamiento de la Bisbal del Pened\u00e8s es miembro desde marzo del a\u00f1o 2017 y la concejala de Turismo, Judith Vidal, es la vicepresidenta 3\u00aa de la entidad.<\/p>\n","protected":false},"excerpt":{"rendered":"<p>La Junta de Govern del 25 d\u2019abril ha aprovat el pagament de la quota del Consorci de Promoci\u00f3 Tur\u00edstica del Pened\u00e8s per un import de 1.500\u20ac, el mateix que els &hellip; <a href=\"https:\/\/bisbalpenedes.com\/web\/2023\/04\/26\/saprova-el-pagament-de-la-quota-per-al-2023-del-consorci-de-promocio-turistica-del-penedes\/\" class=\"more-link\">Read More<\/a><\/p>\n","protected":false},"author":4,"featured_media":25633,"comment_status":"closed","ping_status":"closed","sticky":false,"template":"","format":"standard","meta":[],"categories":[8,3944,4878],"tags":[5981,393,1374,328],"_links":{"self":[{"href":"https:\/\/bisbalpenedes.com\/web\/wp-json\/wp\/v2\/posts\/25632"}],"collection":[{"href":"https:\/\/bisbalpenedes.com\/web\/wp-json\/wp\/v2\/posts"}],"about":[{"href":"https:\/\/bisbalpenedes.com\/web\/wp-json\/wp\/v2\/types\/post"}],"author":[{"embeddable":true,"href":"https:\/\/bisbalpenedes.com\/web\/wp-json\/wp\/v2\/users\/4"}],"replies":[{"embeddable":true,"href":"https:\/\/bisbalpenedes.com\/web\/wp-json\/wp\/v2\/comments?post=25632"}],"version-history":[{"count":1,"href":"https:\/\/bisbalpenedes.com\/web\/wp-json\/wp\/v2\/posts\/25632\/revisions"}],"predecessor-version":[{"id":25634,"href":"https:\/\/bisbalpenedes.com\/web\/wp-json\/wp\/v2\/posts\/25632\/revisions\/25634"}],"wp:featuredmedia":[{"embeddable":true,"href":"https:\/\/bisbalpenedes.com\/web\/wp-json\/wp\/v2\/media\/25633"}],"wp:attachment":[{"href":"https:\/\/bisbalpenedes.com\/web\/wp-json\/wp\/v2\/media?parent=25632"}],"wp:term":[{"taxonomy":"category","embeddable":true,"href":"https:\/\/bisbalpenedes.com\/web\/wp-json\/wp\/v2\/categories?post=25632"},{"taxonomy":"post_tag","embeddable":true,"href":"https:\/\/bisbalpenedes.com\/web\/wp-json\/wp\/v2\/tags?post=25632"}],"curies":[{"name":"wp","href":"https:\/\/api.w.org\/{rel}","templated":true}]}}