{"id":25628,"date":"2023-04-26T11:44:18","date_gmt":"2023-04-26T09:44:18","guid":{"rendered":"https:\/\/bisbalpenedes.com\/web\/?p=25628"},"modified":"2023-04-26T11:44:18","modified_gmt":"2023-04-26T09:44:18","slug":"la-junta-de-govern-ha-aprovat-el-pagament-de-la-quota-de-lacm","status":"publish","type":"post","link":"https:\/\/bisbalpenedes.com\/web\/2023\/04\/26\/la-junta-de-govern-ha-aprovat-el-pagament-de-la-quota-de-lacm\/","title":{"rendered":"La Junta de Govern ha aprovat el pagament de la quota de l&#8217;ACM"},"content":{"rendered":"\n<p>La Junta de Govern del 25 d&#8217;abril ha aprovat el pagament de la quota 2023 de l&#8217;Associaci\u00f3 Catalana de Municipis (ACM), per un import de 749\u20ac, el mateix que l&#8217;any passat.<\/p>\n\n\n\n<p>L&#8217;Associaci\u00f3 Catalana de Municipis est\u00e0 formada per tots els ajuntaments de Catalunya, tots els consells comarcals, les quatre diputacions y altres entitats. Aquesta entitat facilita recursos, assessorament jur\u00eddic, formaci\u00f3 i estudis sobre la realitat local. Aix\u00ed, es poden detectar les principals problem\u00e0tiques i necessitats i, en conseq\u00fc\u00e8ncia, donar-hi resposta. A m\u00e9s, des de l&#8217;ACM s&#8217;ofereixen diversos serveis i recursos als quals es poden adherir els ens locals.<\/p>\n\n\n\n<hr class=\"wp-block-separator has-alpha-channel-opacity\"\/>\n\n\n\n<p><strong>CASTELLANO |<\/strong>&nbsp;La Junta de Gobierno del 25 de abril ha aprobado el pago de la cuota 2023 de la Associaci\u00f3 Catalana de Municipis (ACM), por un importe de 749\u20ac, el mismo que el a\u00f1o pasado.<\/p>\n\n\n\n<p>La Associaci\u00f3 Catalana de Municipis est\u00e1 formada por todos los ayuntamientos de Catalu\u00f1a, todos los consells comarcals, las cuatro diputaciones y otras entidades. Esta entidad facilita recursos, asesoramiento jur\u00eddico, formaci\u00f3n y estudios sobre la realidad local. As\u00ed, se pueden detectar las principales problem\u00e1ticas y necesidades y, en consecuencia, dar la respuesta oportuna. Adem\u00e1s, desde la ACM se ofrecen varios servicios y recursos a los que se pueden adherir los entes locales.<\/p>\n","protected":false},"excerpt":{"rendered":"<p>La Junta de Govern del 25 d&#8217;abril ha aprovat el pagament de la quota 2023 de l&#8217;Associaci\u00f3 Catalana de Municipis (ACM), per un import de 749\u20ac, el mateix que l&#8217;any &hellip; <a href=\"https:\/\/bisbalpenedes.com\/web\/2023\/04\/26\/la-junta-de-govern-ha-aprovat-el-pagament-de-la-quota-de-lacm\/\" class=\"more-link\">Read More<\/a><\/p>\n","protected":false},"author":4,"featured_media":25629,"comment_status":"closed","ping_status":"closed","sticky":false,"template":"","format":"standard","meta":[],"categories":[3085,8],"tags":[874,876,459,393],"_links":{"self":[{"href":"https:\/\/bisbalpenedes.com\/web\/wp-json\/wp\/v2\/posts\/25628"}],"collection":[{"href":"https:\/\/bisbalpenedes.com\/web\/wp-json\/wp\/v2\/posts"}],"about":[{"href":"https:\/\/bisbalpenedes.com\/web\/wp-json\/wp\/v2\/types\/post"}],"author":[{"embeddable":true,"href":"https:\/\/bisbalpenedes.com\/web\/wp-json\/wp\/v2\/users\/4"}],"replies":[{"embeddable":true,"href":"https:\/\/bisbalpenedes.com\/web\/wp-json\/wp\/v2\/comments?post=25628"}],"version-history":[{"count":1,"href":"https:\/\/bisbalpenedes.com\/web\/wp-json\/wp\/v2\/posts\/25628\/revisions"}],"predecessor-version":[{"id":25630,"href":"https:\/\/bisbalpenedes.com\/web\/wp-json\/wp\/v2\/posts\/25628\/revisions\/25630"}],"wp:featuredmedia":[{"embeddable":true,"href":"https:\/\/bisbalpenedes.com\/web\/wp-json\/wp\/v2\/media\/25629"}],"wp:attachment":[{"href":"https:\/\/bisbalpenedes.com\/web\/wp-json\/wp\/v2\/media?parent=25628"}],"wp:term":[{"taxonomy":"category","embeddable":true,"href":"https:\/\/bisbalpenedes.com\/web\/wp-json\/wp\/v2\/categories?post=25628"},{"taxonomy":"post_tag","embeddable":true,"href":"https:\/\/bisbalpenedes.com\/web\/wp-json\/wp\/v2\/tags?post=25628"}],"curies":[{"name":"wp","href":"https:\/\/api.w.org\/{rel}","templated":true}]}}