{"id":25625,"date":"2023-04-26T11:32:09","date_gmt":"2023-04-26T09:32:09","guid":{"rendered":"https:\/\/bisbalpenedes.com\/web\/?p=25625"},"modified":"2023-04-26T11:32:09","modified_gmt":"2023-04-26T09:32:09","slug":"el-2-de-maig-sobre-la-convocatoria-per-sollicitar-els-ajuts-individuals-del-menjador-escolar-2023-24-del-consell-comarcal-del-baix-penedes","status":"publish","type":"post","link":"https:\/\/bisbalpenedes.com\/web\/2023\/04\/26\/el-2-de-maig-sobre-la-convocatoria-per-sollicitar-els-ajuts-individuals-del-menjador-escolar-2023-24-del-consell-comarcal-del-baix-penedes\/","title":{"rendered":"El 2 de maig s&#8217;obre la convocat\u00f2ria per sol\u00b7licitar els ajuts individuals del menjador escolar 2023-24 del Consell Comarcal del Baix Pened\u00e8s"},"content":{"rendered":"\n<p>El 2 de maig s&#8217;obre la convocat\u00f2ria per sol\u00b7licitar els ajuts individuals de menjador escolar 2023-24 del Consell Comarcal del Baix Pened\u00e8s.<\/p>\n\n\n\n<p>La convocat\u00f2ria romandr\u00e0 oberta tot el curs i la sol\u00b7licitud es podr\u00e0 presentar presencialment, demanant cita pr\u00e8via a trav\u00e9s de la p\u00e0gina web del Consell Comarcal.<\/p>\n\n\n\n<p>Us adjuntem l&#8217;enlla\u00e7 on trobareu m\u00e9s informaci\u00f3: <a href=\"https:\/\/ccbp.cat\/recerca\/serveis\/ciutada\/educacio\/menjador-escolar\">https:\/\/ccbp.cat\/recerca\/serveis\/ciutada\/educacio\/menjador-escolar<\/a><\/p>\n\n\n\n<hr class=\"wp-block-separator has-alpha-channel-opacity\"\/>\n\n\n\n<p>El 2 de mayo se abre la convocatoria para solicitar las ayudas individuales de comedor escolar 2023-24 del Consell Comarcal del Baix Pened\u00e8s.<\/p>\n\n\n\n<p>La convocatoria permanecer\u00e1 abierta todo el curso y la solicitud se podr\u00e1 presentar presencialmente, pidiendo cita previa a trav\u00e9s de la p\u00e1gina web del Consell Comarcal.<\/p>\n\n\n\n<p>Os adjuntamos el enlace en el que encontrar\u00e9is m\u00e1s informaci\u00f3n:<br><a href=\"https:\/\/ccbp.cat\/recerca\/serveis\/ciutada\/educacio\/menjador-escolar\">https:\/\/ccbp.cat\/recerca\/serveis\/ciutada\/educacio\/menjador-escolar<\/a><\/p>\n","protected":false},"excerpt":{"rendered":"<p>El 2 de maig s&#8217;obre la convocat\u00f2ria per sol\u00b7licitar els ajuts individuals de menjador escolar 2023-24 del Consell Comarcal del Baix Pened\u00e8s. La convocat\u00f2ria romandr\u00e0 oberta tot el curs i &hellip; <a href=\"https:\/\/bisbalpenedes.com\/web\/2023\/04\/26\/el-2-de-maig-sobre-la-convocatoria-per-sollicitar-els-ajuts-individuals-del-menjador-escolar-2023-24-del-consell-comarcal-del-baix-penedes\/\" class=\"more-link\">Read More<\/a><\/p>\n","protected":false},"author":4,"featured_media":25626,"comment_status":"closed","ping_status":"closed","sticky":false,"template":"","format":"standard","meta":[],"categories":[3137,3456,8],"tags":[259,396,1056,113,336],"_links":{"self":[{"href":"https:\/\/bisbalpenedes.com\/web\/wp-json\/wp\/v2\/posts\/25625"}],"collection":[{"href":"https:\/\/bisbalpenedes.com\/web\/wp-json\/wp\/v2\/posts"}],"about":[{"href":"https:\/\/bisbalpenedes.com\/web\/wp-json\/wp\/v2\/types\/post"}],"author":[{"embeddable":true,"href":"https:\/\/bisbalpenedes.com\/web\/wp-json\/wp\/v2\/users\/4"}],"replies":[{"embeddable":true,"href":"https:\/\/bisbalpenedes.com\/web\/wp-json\/wp\/v2\/comments?post=25625"}],"version-history":[{"count":1,"href":"https:\/\/bisbalpenedes.com\/web\/wp-json\/wp\/v2\/posts\/25625\/revisions"}],"predecessor-version":[{"id":25627,"href":"https:\/\/bisbalpenedes.com\/web\/wp-json\/wp\/v2\/posts\/25625\/revisions\/25627"}],"wp:featuredmedia":[{"embeddable":true,"href":"https:\/\/bisbalpenedes.com\/web\/wp-json\/wp\/v2\/media\/25626"}],"wp:attachment":[{"href":"https:\/\/bisbalpenedes.com\/web\/wp-json\/wp\/v2\/media?parent=25625"}],"wp:term":[{"taxonomy":"category","embeddable":true,"href":"https:\/\/bisbalpenedes.com\/web\/wp-json\/wp\/v2\/categories?post=25625"},{"taxonomy":"post_tag","embeddable":true,"href":"https:\/\/bisbalpenedes.com\/web\/wp-json\/wp\/v2\/tags?post=25625"}],"curies":[{"name":"wp","href":"https:\/\/api.w.org\/{rel}","templated":true}]}}