{"id":25622,"date":"2023-04-26T11:08:48","date_gmt":"2023-04-26T09:08:48","guid":{"rendered":"https:\/\/bisbalpenedes.com\/web\/?p=25622"},"modified":"2023-04-26T11:08:48","modified_gmt":"2023-04-26T09:08:48","slug":"millor-el-moviment-que-no-el-fum-o-el-vapeig-setmana-sense-fum-2023","status":"publish","type":"post","link":"https:\/\/bisbalpenedes.com\/web\/2023\/04\/26\/millor-el-moviment-que-no-el-fum-o-el-vapeig-setmana-sense-fum-2023\/","title":{"rendered":"&#8216;Millor el moviment que no el fum o el vapeig&#8217;. Setmana sense fum 2023"},"content":{"rendered":"\n<p><strong>&#8220;Millor el moviment que no el fum o el vapeig&#8221;<\/strong>. Amb aquest lema, l&#8217;Ag\u00e8ncia de Salut P\u00fablica de Catalunya promou, un any m\u00e9s, la Setmana sense fum amb l&#8217;objectiu que tots plegats ens conscienciem sobre la import\u00e0ncia de no iniciar-se o d&#8217;abandonar el consum de tabac i poder gaudir d&#8217;un ambient lliure de fum i de residus del tabac.<\/p>\n\n\n\n<p>Us adjuntem alguns recursos que us poden ajudar a deixar de fumar:<\/p>\n\n\n\n<p>-Guia per deixar de fumar en quatre passos:&nbsp;<a href=\"http:\/\/www.papsf.cat\/_Adm3\/upload\/docs\/PapsfDoc3688.pdf\" target=\"_blank\" rel=\"noreferrer noopener\">http:\/\/www.papsf.cat\/_Adm3\/upload\/docs\/PapsfDoc3688.pdf<\/a><\/p>\n\n\n\n<p>-Fullet did\u00e0ctic &#8220;Vull cr\u00e9ixer sense fum&#8221; per a pares i mares:&nbsp;<a href=\"http:\/\/gestor.papsf.cat\/_Adm3\/upload\/docs\/PapsfDoc5459.pdf\" target=\"_blank\" rel=\"noreferrer noopener\">http:\/\/gestor.papsf.cat\/_Adm3\/upload\/docs\/PapsfDoc5459.pdf<\/a><\/p>\n\n\n\n<p>-Infografia &#8220;El tabac, una amena\u00e7a per al desenvolupament&#8221;:&nbsp;<a href=\"http:\/\/gestor.papsf.cat\/_Adm3\/upload\/docs\/ITEMDOC_4498.pdf\" target=\"_blank\" rel=\"noreferrer noopener\">http:\/\/gestor.papsf.cat\/_Adm3\/upload\/docs\/ITEMDOC_4498.pdf<\/a><\/p>\n\n\n\n<p>M\u00e9s informaci\u00f3 i recursos a:&nbsp;<a href=\"https:\/\/salutpublica.gencat.cat\/ca\/ambits\/promocio_salut\/suma-salut\/dies-mundials\/setmana-sense-fum-2023\/materials-campanya\/\" target=\"_blank\" rel=\"noreferrer noopener\">https:\/\/salutpublica.gencat.cat\/ca\/ambits\/promocio_salut\/suma-salut\/dies-mundials\/setmana-sense-fum-2023\/materials-campanya\/<\/a><\/p>\n\n\n\n<hr class=\"wp-block-separator has-alpha-channel-opacity\"\/>\n\n\n\n<p><strong>&#8220;Mejor el movimiento que no el humo o el vapeo&#8221;.<\/strong>&nbsp;Con este lema, la Agencia de Salud P\u00fablica de la Generalitat de Catalu\u00f1a promueve, un a\u00f1o m\u00e1s, la Semana sin humo con el objetivo que todos nos concienciemos sobre la importancia de no iniciarse o abandonar el consumo de tabaco y poder disfrutar de un ambiente libre de humo y de residuos del tabaco.<\/p>\n\n\n\n<p>Os adjuntamos algunos recursos que os pueden ayudar a dejar de fumar:<\/p>\n\n\n\n<p>-Gu\u00eda para dejar de fumar en cuatro pasos:&nbsp;<a href=\"http:\/\/www.papsf.cat\/_Adm3\/upload\/docs\/PapsfDoc3689.pdf\" target=\"_blank\" rel=\"noreferrer noopener\">http:\/\/www.papsf.cat\/_Adm3\/upload\/docs\/PapsfDoc3689.pdf<\/a><\/p>\n\n\n\n<p>-Folleto did\u00e1ctico &#8220;Quiero crecer sin humo&#8221; para padres y madres:&nbsp;<a href=\"http:\/\/gestor.papsf.cat\/_Adm3\/upload\/docs\/PapsfDoc5460.pdf\" target=\"_blank\" rel=\"noreferrer noopener\">http:\/\/gestor.papsf.cat\/_Adm3\/upload\/docs\/PapsfDoc5460.pdf<\/a><\/p>\n\n\n\n<p>-Infograf\u00eda &#8220;El tabaco, una amenaza para el desarrollo&#8221;:&nbsp;<a href=\"http:\/\/gestor.papsf.cat\/_Adm3\/upload\/docs\/ITEMDOC_4498.pdf\" target=\"_blank\" rel=\"noreferrer noopener\">http:\/\/gestor.papsf.cat\/_Adm3\/upload\/docs\/ITEMDOC_4498.pdf<\/a><\/p>\n\n\n\n<p>M\u00e1s informaci\u00f3n y recursos en:&nbsp;<a href=\"https:\/\/salutpublica.gencat.cat\/ca\/ambits\/promocio_salut\/suma-salut\/dies-mundials\/setmana-sense-fum-2023\/materials-campanya\/\" target=\"_blank\" rel=\"noreferrer noopener\">https:\/\/salutpublica.gencat.cat\/ca\/ambits\/promocio_salut\/suma-salut\/dies-mundials\/setmana-sense-fum-2023\/materials-campanya\/<\/a><\/p>\n","protected":false},"excerpt":{"rendered":"<p>&#8220;Millor el moviment que no el fum o el vapeig&#8221;. Amb aquest lema, l&#8217;Ag\u00e8ncia de Salut P\u00fablica de Catalunya promou, un any m\u00e9s, la Setmana sense fum amb l&#8217;objectiu que &hellip; <a href=\"https:\/\/bisbalpenedes.com\/web\/2023\/04\/26\/millor-el-moviment-que-no-el-fum-o-el-vapeig-setmana-sense-fum-2023\/\" class=\"more-link\">Read More<\/a><\/p>\n","protected":false},"author":4,"featured_media":25623,"comment_status":"closed","ping_status":"closed","sticky":false,"template":"","format":"standard","meta":[],"categories":[8,14],"tags":[393,28,4536],"_links":{"self":[{"href":"https:\/\/bisbalpenedes.com\/web\/wp-json\/wp\/v2\/posts\/25622"}],"collection":[{"href":"https:\/\/bisbalpenedes.com\/web\/wp-json\/wp\/v2\/posts"}],"about":[{"href":"https:\/\/bisbalpenedes.com\/web\/wp-json\/wp\/v2\/types\/post"}],"author":[{"embeddable":true,"href":"https:\/\/bisbalpenedes.com\/web\/wp-json\/wp\/v2\/users\/4"}],"replies":[{"embeddable":true,"href":"https:\/\/bisbalpenedes.com\/web\/wp-json\/wp\/v2\/comments?post=25622"}],"version-history":[{"count":1,"href":"https:\/\/bisbalpenedes.com\/web\/wp-json\/wp\/v2\/posts\/25622\/revisions"}],"predecessor-version":[{"id":25624,"href":"https:\/\/bisbalpenedes.com\/web\/wp-json\/wp\/v2\/posts\/25622\/revisions\/25624"}],"wp:featuredmedia":[{"embeddable":true,"href":"https:\/\/bisbalpenedes.com\/web\/wp-json\/wp\/v2\/media\/25623"}],"wp:attachment":[{"href":"https:\/\/bisbalpenedes.com\/web\/wp-json\/wp\/v2\/media?parent=25622"}],"wp:term":[{"taxonomy":"category","embeddable":true,"href":"https:\/\/bisbalpenedes.com\/web\/wp-json\/wp\/v2\/categories?post=25622"},{"taxonomy":"post_tag","embeddable":true,"href":"https:\/\/bisbalpenedes.com\/web\/wp-json\/wp\/v2\/tags?post=25622"}],"curies":[{"name":"wp","href":"https:\/\/api.w.org\/{rel}","templated":true}]}}