{"id":25606,"date":"2023-04-21T10:42:03","date_gmt":"2023-04-21T08:42:03","guid":{"rendered":"https:\/\/bisbalpenedes.com\/web\/?p=25606"},"modified":"2023-04-21T10:42:03","modified_gmt":"2023-04-21T08:42:03","slug":"la-setmana-vinent-sestrena-la-pellicula-miro-en-la-que-apareix-lactriu-bisbalenca-elisabeth-catala","status":"publish","type":"post","link":"https:\/\/bisbalpenedes.com\/web\/2023\/04\/21\/la-setmana-vinent-sestrena-la-pellicula-miro-en-la-que-apareix-lactriu-bisbalenca-elisabeth-catala\/","title":{"rendered":"La setmana vinent s&#8217;estrena la pel\u00b7l\u00edcula MIR\u00d3 en la que apareix l&#8217;actriu bisbalenca Elisabeth Catal\u00e0"},"content":{"rendered":"\n<p>La bisbalenca Elisabeth Catal\u00e0 ha participat en la pel\u00b7l\u00edcula MIR\u00d3 del director Oriol Ferrer i, la setmana vinent, s\u2019estrenar\u00e0 al BCN Film Fest i a TV3. L\u2019actriu bisbalenca ha format part de l\u2019elenc d\u2019actors juntament amb Eduardo Lloveras (Smiley, Si lo hubieras sabido, La Riera, Amar es para siempre\u2026) o Aida Folch (Cu\u00e9ntame c\u00f3mo pas\u00f3, Cites, Salvador, Fuego\u2026), entre altres.<\/p>\n\n\n\n<p>La pel\u00b7l\u00edcula MIR\u00d3 es podr\u00e0 veure el dimarts 25 d\u2019abril, a les 20:45h i a les 21h a la Sala Verdi 1 i Verdi 3, respectivament. L\u2019entrada \u00e9s gratu\u00efta, amb reserva pr\u00e8via.<\/p>\n\n\n\n<p>A m\u00e9s, TV3 l\u2019emetr\u00e0 el dimecres 26 d\u2019abril, a les 22:05h a \u201cLa gran pel\u00b7l\u00edcula\u201d:&nbsp;<a href=\"https:\/\/www.ccma.cat\/tv3\/pellicules\/el-pintor-miro-a-la-gran-pellicula\/noticia\/3224390\/\">https:\/\/www.ccma.cat\/tv3\/pellicules\/el-pintor-miro-a-la-gran-pellicula\/noticia\/3224390\/<\/a><\/p>\n\n\n\n<p><strong>SINOPSI<\/strong><\/p>\n\n\n\n<p>MIR\u00d3 narra la hist\u00f2ria de Joan Mir\u00f3, un jove discret, silenci\u00f3s i tena\u00e7 que va haver d\u2019emigrar d\u2019una Barcelona grisa i conservadora a un Par\u00eds en plena efervesc\u00e8ncia cultural per donar-se a con\u00e8ixer en un per\u00edode convuls i ple de guerres. El jove va dedicar la seva vida a buscar un lloc on poder-se expressar.<\/p>\n\n\n\n<p>Per a m\u00e9s informaci\u00f3 podeu accedir a&nbsp;<a href=\"https:\/\/www.bcnfilmfest.com\/es\/zona-oberta\/2023\/miro\">https:\/\/www.bcnfilmfest.com\/es\/zona-oberta\/2023\/miro<\/a><\/p>\n\n\n\n<hr class=\"wp-block-separator has-alpha-channel-opacity\"\/>\n\n\n\n<p>La bisbalenca Elisabeth Catal\u00e0 ha participado en la pel\u00edcula MIR\u00d3 del director Oriol Ferrer y, la semana que viene, se estrenar\u00e1 en el BCN Film Fest y en TV3. La actriz de la Bisbal ha formado parte del elenco de actores junto con Eduardo Lloveras (Smiley, Si lo hubieras sabido, La Riera, Amar es para siempre\u2026) o Aida Folch (Cu\u00e9ntame c\u00f3mo pas\u00f3, Cites, Salvador, Fuego\u2026), entre otros.<\/p>\n\n\n\n<p>La pel\u00edcula MIR\u00d3 se podr\u00e1 ver el martes 25 de abril, a las 20:45h y a las 21h en la Sala Verdi 1 y Verdi 3, respectivamente. La entrada es gratuita, con reserva previa.<\/p>\n\n\n\n<p>Adem\u00e1s, TV3 la emitir\u00e1 el mi\u00e9rcoles 26 de abril, a las 22:05h en \u201cLa gran pel\u00b7l\u00edcula\u201d:&nbsp;<a href=\"https:\/\/www.ccma.cat\/tv3\/pellicules\/el-pintor-miro-a-la-gran-pellicula\/noticia\/3224390\/\">https:\/\/www.ccma.cat\/tv3\/pellicules\/el-pintor-miro-a-la-gran-pellicula\/noticia\/3224390\/<\/a><\/p>\n\n\n\n<p><strong>SINOPSIS<\/strong><\/p>\n\n\n\n<p>MIR\u00d3 narra la historia de Joan Mir\u00f3, un joven discreto, silencioso y tenaz que tuvo que emigrar de una Barcelona gris y conservadora a un Par\u00eds en plena efervescencia cultural para darse a conocer en un periodo convulso y lleno de guerras. El joven dedic\u00f3 su vida a buscar un lugar donde poderse expresar.<\/p>\n\n\n\n<p>Para m\u00e1s informaci\u00f3n pod\u00e9is acceder a&nbsp;<a href=\"https:\/\/www.bcnfilmfest.com\/es\/zona-oberta\/2023\/miro\">https:\/\/www.bcnfilmfest.com\/es\/zona-oberta\/2023\/miro<\/a><\/p>\n","protected":false},"excerpt":{"rendered":"<p>La bisbalenca Elisabeth Catal\u00e0 ha participat en la pel\u00b7l\u00edcula MIR\u00d3 del director Oriol Ferrer i, la setmana vinent, s\u2019estrenar\u00e0 al BCN Film Fest i a TV3. L\u2019actriu bisbalenca ha format &hellip; <a href=\"https:\/\/bisbalpenedes.com\/web\/2023\/04\/21\/la-setmana-vinent-sestrena-la-pellicula-miro-en-la-que-apareix-lactriu-bisbalenca-elisabeth-catala\/\" class=\"more-link\">Read More<\/a><\/p>\n","protected":false},"author":4,"featured_media":25607,"comment_status":"closed","ping_status":"closed","sticky":false,"template":"","format":"standard","meta":[],"categories":[2370,13,8],"tags":[459,5972,5969,2883,393,5971,5970,1374,1044],"_links":{"self":[{"href":"https:\/\/bisbalpenedes.com\/web\/wp-json\/wp\/v2\/posts\/25606"}],"collection":[{"href":"https:\/\/bisbalpenedes.com\/web\/wp-json\/wp\/v2\/posts"}],"about":[{"href":"https:\/\/bisbalpenedes.com\/web\/wp-json\/wp\/v2\/types\/post"}],"author":[{"embeddable":true,"href":"https:\/\/bisbalpenedes.com\/web\/wp-json\/wp\/v2\/users\/4"}],"replies":[{"embeddable":true,"href":"https:\/\/bisbalpenedes.com\/web\/wp-json\/wp\/v2\/comments?post=25606"}],"version-history":[{"count":1,"href":"https:\/\/bisbalpenedes.com\/web\/wp-json\/wp\/v2\/posts\/25606\/revisions"}],"predecessor-version":[{"id":25608,"href":"https:\/\/bisbalpenedes.com\/web\/wp-json\/wp\/v2\/posts\/25606\/revisions\/25608"}],"wp:featuredmedia":[{"embeddable":true,"href":"https:\/\/bisbalpenedes.com\/web\/wp-json\/wp\/v2\/media\/25607"}],"wp:attachment":[{"href":"https:\/\/bisbalpenedes.com\/web\/wp-json\/wp\/v2\/media?parent=25606"}],"wp:term":[{"taxonomy":"category","embeddable":true,"href":"https:\/\/bisbalpenedes.com\/web\/wp-json\/wp\/v2\/categories?post=25606"},{"taxonomy":"post_tag","embeddable":true,"href":"https:\/\/bisbalpenedes.com\/web\/wp-json\/wp\/v2\/tags?post=25606"}],"curies":[{"name":"wp","href":"https:\/\/api.w.org\/{rel}","templated":true}]}}