{"id":2560,"date":"2017-06-09T04:20:08","date_gmt":"2017-06-08T22:20:08","guid":{"rendered":"http:\/\/bisbalpenedes.com\/web\/?p=2560"},"modified":"2017-06-09T04:21:05","modified_gmt":"2017-06-08T22:21:05","slug":"la-llar-dinfants-municipal-loreneta-fara-el-casal-destiu-de-l1-al-31-dagost","status":"publish","type":"post","link":"https:\/\/bisbalpenedes.com\/web\/2017\/06\/09\/la-llar-dinfants-municipal-loreneta-fara-el-casal-destiu-de-l1-al-31-dagost\/","title":{"rendered":"La Llar d&#8217;Infants Municipal l&#8217;Oreneta far\u00e0 el Casal d&#8217;Estiu de l&#8217;1 al 31 d&#8217;agost"},"content":{"rendered":"<p><a href=\"http:\/\/bisbalpenedes.com\/web\/wp-content\/uploads\/2017\/06\/cartel-casal-d-estiu-llar-d-infants-agost-2017-revision.jpg\"><img loading=\"lazy\" class=\"aligncenter size-medium wp-image-2561\" title=\"cartel casal d estiu llar d infants - agost 2017-revision\" src=\"http:\/\/bisbalpenedes.com\/web\/wp-content\/uploads\/2017\/06\/cartel-casal-d-estiu-llar-d-infants-agost-2017-revision-196x300.jpg\" alt=\"\" width=\"196\" height=\"300\" srcset=\"https:\/\/bisbalpenedes.com\/web\/wp-content\/uploads\/2017\/06\/cartel-casal-d-estiu-llar-d-infants-agost-2017-revision-196x300.jpg 196w, https:\/\/bisbalpenedes.com\/web\/wp-content\/uploads\/2017\/06\/cartel-casal-d-estiu-llar-d-infants-agost-2017-revision.jpg 578w\" sizes=\"(max-width: 196px) 100vw, 196px\" \/><\/a><\/p>\n<p>La Regidoria d&#8217;Educaci\u00f3 informa que la Llar d&#8217;Infants Municipal l&#8217;Oreneta ofereix Casal d&#8217;Estiu de l&#8217;1 al 31 d&#8217;agost. L&#8217;horari ser\u00e0 de 8.00 a 14.00h. Tot i que durant els dies de Casal d&#8217;Estiu no hi haur\u00e0 servei de cuina, les fam\u00edlies que ho vulguin poden preparar la carmanyola per als seus infants. El preu setmanal del Casal d&#8217;Estiu ser\u00e0 de 27\u20ac i el preu diari (dies puntuals) ascendir\u00e0 a 5,30\u20ac.<\/p>\n<p>Per a m\u00e9s informaci\u00f3 adreceu-vos a la Llar d&#8217;Infants, a l&#8217;Ajuntament de La Bisbal del Pened\u00e8s o a la Regidoria d&#8217;Educaci\u00f3.<\/p>\n","protected":false},"excerpt":{"rendered":"<p>La Regidoria d&#8217;Educaci\u00f3 informa que la Llar d&#8217;Infants Municipal l&#8217;Oreneta ofereix Casal d&#8217;Estiu de l&#8217;1 al 31 d&#8217;agost. L&#8217;horari ser\u00e0 de 8.00 a 14.00h. Tot i que durant els dies &hellip; <a href=\"https:\/\/bisbalpenedes.com\/web\/2017\/06\/09\/la-llar-dinfants-municipal-loreneta-fara-el-casal-destiu-de-l1-al-31-dagost\/\" class=\"more-link\">Read More<\/a><\/p>\n","protected":false},"author":4,"featured_media":2561,"comment_status":"closed","ping_status":"closed","sticky":false,"template":"","format":"standard","meta":[],"categories":[16],"tags":[489,244,109,181,272,490,67],"_links":{"self":[{"href":"https:\/\/bisbalpenedes.com\/web\/wp-json\/wp\/v2\/posts\/2560"}],"collection":[{"href":"https:\/\/bisbalpenedes.com\/web\/wp-json\/wp\/v2\/posts"}],"about":[{"href":"https:\/\/bisbalpenedes.com\/web\/wp-json\/wp\/v2\/types\/post"}],"author":[{"embeddable":true,"href":"https:\/\/bisbalpenedes.com\/web\/wp-json\/wp\/v2\/users\/4"}],"replies":[{"embeddable":true,"href":"https:\/\/bisbalpenedes.com\/web\/wp-json\/wp\/v2\/comments?post=2560"}],"version-history":[{"count":4,"href":"https:\/\/bisbalpenedes.com\/web\/wp-json\/wp\/v2\/posts\/2560\/revisions"}],"predecessor-version":[{"id":2565,"href":"https:\/\/bisbalpenedes.com\/web\/wp-json\/wp\/v2\/posts\/2560\/revisions\/2565"}],"wp:featuredmedia":[{"embeddable":true,"href":"https:\/\/bisbalpenedes.com\/web\/wp-json\/wp\/v2\/media\/2561"}],"wp:attachment":[{"href":"https:\/\/bisbalpenedes.com\/web\/wp-json\/wp\/v2\/media?parent=2560"}],"wp:term":[{"taxonomy":"category","embeddable":true,"href":"https:\/\/bisbalpenedes.com\/web\/wp-json\/wp\/v2\/categories?post=2560"},{"taxonomy":"post_tag","embeddable":true,"href":"https:\/\/bisbalpenedes.com\/web\/wp-json\/wp\/v2\/tags?post=2560"}],"curies":[{"name":"wp","href":"https:\/\/api.w.org\/{rel}","templated":true}]}}