{"id":25595,"date":"2023-04-18T12:44:34","date_gmt":"2023-04-18T10:44:34","guid":{"rendered":"https:\/\/bisbalpenedes.com\/web\/?p=25595"},"modified":"2023-04-18T12:45:43","modified_gmt":"2023-04-18T10:45:43","slug":"es-publica-lacta-de-la-prova-de-catala-dins-el-proces-selectiu-duna-placa-doperari-a-de-custodia-dedificis-escolars-per-concurs-oposicio-al-portal-de-transparencia","status":"publish","type":"post","link":"https:\/\/bisbalpenedes.com\/web\/2023\/04\/18\/es-publica-lacta-de-la-prova-de-catala-dins-el-proces-selectiu-duna-placa-doperari-a-de-custodia-dedificis-escolars-per-concurs-oposicio-al-portal-de-transparencia\/","title":{"rendered":"Es publica l\u2019acta de la prova de catal\u00e0 en el marc del proc\u00e9s selectiu d\u2019una pla\u00e7a d\u2019operari\/a de cust\u00f2dia d\u2019edificis escolars per concurs-oposici\u00f3 al portal de transpar\u00e8ncia"},"content":{"rendered":"\n<p>El passat 25 de gener es va publicar la relaci\u00f3 provisional d\u2019aspirants admesos i exclosos en el proc\u00e9s selectiu d\u2019una pla\u00e7a d\u2019operari\/a de cust\u00f2dia d\u2019edificis escolars, per concurs-oposici\u00f3. De les 14 persones presentades, 5 van quedar excloses provisionalment per no presentar la documentaci\u00f3 necess\u00e0ria per avaluar els requisits i m\u00e8rits de les places. No obstant aix\u00f2, aquestes cinc persones van presentar la documentaci\u00f3 que faltava dins del termini fixat.<\/p>\n\n\n\n<p>El passat 11 d\u2019abril es va aprovar un Decret d\u2019alcaldia amb la relaci\u00f3 definitiva d\u2019admesos i exclosos i ahir dilluns es va fer la prova de catal\u00e0 B2 (intermedi) a trav\u00e9s del Consorci per a la Normalitzaci\u00f3 Ling\u00fc\u00edstica. Hi havia deu persones convocades i s\u2019hi van presentar vuit, cinc de les quals han resultat aptes i tres no aptes. Aquestes cinc persones se sumen a les quatre que van presentar el t\u00edtol de B2 de catal\u00e0 i totes elles estan convocades a les proves te\u00f2rica i pr\u00e0ctica de la fase d\u2019oposici\u00f3 per al dimecres 26 d\u2019abril a les 9h al Centre Municipal de Cultura.<\/p>\n\n\n\n<p>Podeu consultar l\u2019acta de la prova de catal\u00e0 al seg\u00fcent enlla\u00e7: <a href=\"https:\/\/bisbalpenedes.eadministracio.cat\/transparency\/7462ec65-0078-4c02-9828-cf666426bf78\/\">https:\/\/bisbalpenedes.eadministracio.cat\/transparency\/7462ec65-0078-4c02-9828-cf666426bf78\/<\/a><\/p>\n\n\n\n<hr class=\"wp-block-separator has-alpha-channel-opacity\"\/>\n\n\n\n<p>El pasado 25 de enero se public\u00f3 la relaci\u00f3n provisional de aspirantes admitidos y excluidos en el proceso selectivo de una plaza de operario\/a de custodia de edificios escolares, por concurso-oposici\u00f3n. De las 14 personas presentadas, 5 quedaron excluidas provisionalmente por no presentar la documentaci\u00f3n necesaria para evaluar los requisitos y m\u00e9ritos de las plazas. No obstante, estas cinco personas presentaron la documentaci\u00f3n que faltaba dentro del plazo fijado.<\/p>\n\n\n\n<p>El pasado 11 de abril se aprob\u00f3 un Decreto de alcald\u00eda con la relaci\u00f3n definitiva de admitidos y excluidos y ayer lunes se realiz\u00f3 la prueba de catal\u00e1n B2 (intermedio) a trav\u00e9s del Consorci per a la Normalitzaci\u00f3 Ling\u00fc\u00edstica. Hab\u00eda diez personas convocadas y se presentaron ocho, cinco de las cuales han resultado aptas y tres no aptas. Estas cinco personas se suman a las cuatro que presentaron el t\u00edtulo de B2 de catal\u00e1n y todas ellas est\u00e1n convocadas a las pruebas te\u00f3rica y pr\u00e1ctica de la fase de oposici\u00f3n para el mi\u00e9rcoles 26 de abril a las 9h en el Centre Municipal de Cultura.<\/p>\n\n\n\n<p>Pod\u00e9is consultar el acta de la prueba de catal\u00e1n en el siguiente enlace: <a href=\"https:\/\/bisbalpenedes.eadministracio.cat\/transparency\/7462ec65-0078-4c02-9828-cf666426bf78\/\">https:\/\/bisbalpenedes.eadministracio.cat\/transparency\/7462ec65-0078-4c02-9828-cf666426bf78\/<\/a><\/p>\n","protected":false},"excerpt":{"rendered":"<p>El passat 25 de gener es va publicar la relaci\u00f3 provisional d\u2019aspirants admesos i exclosos en el proc\u00e9s selectiu d\u2019una pla\u00e7a d\u2019operari\/a de cust\u00f2dia d\u2019edificis escolars, per concurs-oposici\u00f3. De les &hellip; <a href=\"https:\/\/bisbalpenedes.com\/web\/2023\/04\/18\/es-publica-lacta-de-la-prova-de-catala-dins-el-proces-selectiu-duna-placa-doperari-a-de-custodia-dedificis-escolars-per-concurs-oposicio-al-portal-de-transparencia\/\" class=\"more-link\">Read More<\/a><\/p>\n","protected":false},"author":4,"featured_media":25596,"comment_status":"closed","ping_status":"closed","sticky":false,"template":"","format":"standard","meta":[],"categories":[2402,8],"tags":[118,1126,5968,5699,393,407,5374],"_links":{"self":[{"href":"https:\/\/bisbalpenedes.com\/web\/wp-json\/wp\/v2\/posts\/25595"}],"collection":[{"href":"https:\/\/bisbalpenedes.com\/web\/wp-json\/wp\/v2\/posts"}],"about":[{"href":"https:\/\/bisbalpenedes.com\/web\/wp-json\/wp\/v2\/types\/post"}],"author":[{"embeddable":true,"href":"https:\/\/bisbalpenedes.com\/web\/wp-json\/wp\/v2\/users\/4"}],"replies":[{"embeddable":true,"href":"https:\/\/bisbalpenedes.com\/web\/wp-json\/wp\/v2\/comments?post=25595"}],"version-history":[{"count":2,"href":"https:\/\/bisbalpenedes.com\/web\/wp-json\/wp\/v2\/posts\/25595\/revisions"}],"predecessor-version":[{"id":25598,"href":"https:\/\/bisbalpenedes.com\/web\/wp-json\/wp\/v2\/posts\/25595\/revisions\/25598"}],"wp:featuredmedia":[{"embeddable":true,"href":"https:\/\/bisbalpenedes.com\/web\/wp-json\/wp\/v2\/media\/25596"}],"wp:attachment":[{"href":"https:\/\/bisbalpenedes.com\/web\/wp-json\/wp\/v2\/media?parent=25595"}],"wp:term":[{"taxonomy":"category","embeddable":true,"href":"https:\/\/bisbalpenedes.com\/web\/wp-json\/wp\/v2\/categories?post=25595"},{"taxonomy":"post_tag","embeddable":true,"href":"https:\/\/bisbalpenedes.com\/web\/wp-json\/wp\/v2\/tags?post=25595"}],"curies":[{"name":"wp","href":"https:\/\/api.w.org\/{rel}","templated":true}]}}