{"id":25590,"date":"2023-04-17T12:48:08","date_gmt":"2023-04-17T10:48:08","guid":{"rendered":"https:\/\/bisbalpenedes.com\/web\/?p=25590"},"modified":"2023-04-17T12:59:54","modified_gmt":"2023-04-17T10:59:54","slug":"la-bisbal-del-penedes-celebra-sant-jordi-amb-un-ampli-programa-dactivitats","status":"publish","type":"post","link":"https:\/\/bisbalpenedes.com\/web\/2023\/04\/17\/la-bisbal-del-penedes-celebra-sant-jordi-amb-un-ampli-programa-dactivitats\/","title":{"rendered":"<strong>La Bisbal del Pened\u00e8s celebra Sant Jordi amb un ampli programa d\u2019activitats<\/strong>"},"content":{"rendered":"\n<p><strong>Enguany el llibre que ha editat la Regidoria de Cultura inclou m\u00e9s de cinquanta entrevistes amb motiu del centenari de l\u2019edifici vell de l\u2019escola bisbalenca<\/strong><\/p>\n\n\n\n<p>Un any m\u00e9s, la Regidoria de Cultura ha organitzat un ampli programa d\u2019activitats amb motiu de la celebraci\u00f3 de Sant Jordi. Les activitats comen\u00e7aran el <strong>dijous 20 d\u2019abril<\/strong>, a les <strong>18h, amb l\u2019espectacle de contes familiars \u201cLlegendes de dracs\u201d<\/strong> de la m\u00e0 d\u2019Ingrid Domingo a la biblioteca.<\/p>\n\n\n\n<p><strong>El dissabte 22 d\u2019abril, a les 18:30h,<\/strong> <strong>el pati de l\u2019escola vella<\/strong> acollir\u00e0 la presentaci\u00f3 del llibre que ha editat l\u2019Ajuntament de la Bisbal del Pened\u00e8s amb motiu del centenari de l\u2019edifici vell de les escoles bisbalenques: <strong>\u201cMem\u00f2ries escolars. Converses i records de l\u2019escola de la Bisbal en el centenari de l\u2019edifici\u201d.<\/strong> El llibre cont\u00e9 m\u00e9s de mig centenar d\u2019entrevistes \u00a0realitzades per la periodista bisbalenca S\u00f2nia Ferrer i informaci\u00f3 hist\u00f2rica confeccionada per l\u2019historiador local Jordi Ferran Ventosa. El llibre inclou entrevistes a bisbalencs i bisbalenques de diverses generacions que, en algun moment de la seva escolaritzaci\u00f3 han estudiat a l\u2019edifici centenari de les c\u00fapules. Tamb\u00e9 inclou les converses mantingudes amb altres persones relacionades amb l\u2019escola, com ara mestres o ve\u00efns i ve\u00efnes que hi ha treballat en algun moment de la seva vida. Aix\u00ed mateix, aquest volum inclou documents, fotografies de l\u2019escola, records i treballs manuals, la majoria dels quals han estat cedits per persones que han volgut participar en aquest recull que la Regidoria de Cultura ha editat amb motiu de Sant Jordi.<\/p>\n\n\n\n<figure class=\"wp-block-image size-large\"><img loading=\"lazy\" width=\"745\" height=\"1024\" src=\"https:\/\/bisbalpenedes.com\/web\/wp-content\/uploads\/2023\/04\/Portada-memo\u0300ries-escolars-745x1024.jpg\" alt=\"\" class=\"wp-image-25591\" srcset=\"https:\/\/bisbalpenedes.com\/web\/wp-content\/uploads\/2023\/04\/Portada-memo\u0300ries-escolars-745x1024.jpg 745w, https:\/\/bisbalpenedes.com\/web\/wp-content\/uploads\/2023\/04\/Portada-memo\u0300ries-escolars-218x300.jpg 218w, https:\/\/bisbalpenedes.com\/web\/wp-content\/uploads\/2023\/04\/Portada-memo\u0300ries-escolars-768x1056.jpg 768w, https:\/\/bisbalpenedes.com\/web\/wp-content\/uploads\/2023\/04\/Portada-memo\u0300ries-escolars-1117x1536.jpg 1117w, https:\/\/bisbalpenedes.com\/web\/wp-content\/uploads\/2023\/04\/Portada-memo\u0300ries-escolars-1490x2048.jpg 1490w, https:\/\/bisbalpenedes.com\/web\/wp-content\/uploads\/2023\/04\/Portada-memo\u0300ries-escolars-600x825.jpg 600w, https:\/\/bisbalpenedes.com\/web\/wp-content\/uploads\/2023\/04\/Portada-memo\u0300ries-escolars.jpg 1805w\" sizes=\"(max-width: 745px) 100vw, 745px\" \/><\/figure>\n\n\n\n<p><strong>El diumenge 23 d\u2019abril, a partir de les 10h, la pla\u00e7a de l\u2019Esgl\u00e9sia<\/strong> aplegar\u00e0 diverses <strong>parades <\/strong>liter\u00e0ries i de roses.<\/p>\n\n\n\n<p><strong>A les 11:30h, el pati de l\u2019escola <\/strong>vella acollir\u00e0 el lliurament de premis del <strong>concurs literari infantil<\/strong> i <strong>l\u2019actuaci\u00f3 musical<\/strong> oberta a tot el p\u00fablic a c\u00e0rrec de <strong>\u201cLandry el rumbero\u201d.<\/strong><\/p>\n\n\n\n<p><strong>A les 13h, la pla\u00e7a de l\u2019esgl\u00e9sia<\/strong> <strong>acollir\u00e0 la presentaci\u00f3 de l\u2019obra del bisbalenc Sergio Mart\u00edn \u201cT\u00fa (Yo): El sentir de un segundo\u201d.<\/strong> Tamb\u00e9 hi haur\u00e0 la parada de l\u2019autor bisbalenc J\u00falio Calder\u00f3n, la parada de llibres de 2a m\u00e0 de l\u2019Associaci\u00f3 de Dones La Roca Foradada i l\u2019estand de la Regidoria de Cultura amb els llibres publicats per l\u2019Ajuntament.<\/p>\n\n\n\n<p><strong>A les 13:30h la pla\u00e7a de l\u2019esgl\u00e9sia<\/strong> acollir\u00e0 la <strong>xatonada popular<\/strong> organitzada per l\u2019Associaci\u00f3 de Dones La Roca Foradada (inscripcions a l\u2019entitat 622 649 297).<\/p>\n\n\n\n<p><strong>A les 18:30h, al pati de l\u2019escola vella, lliurament de premis del 15\u00e8 Concurs Literari de Sant Jordi, <\/strong>presentada per l\u2019<strong>humorista<\/strong> <strong>Ferran Aixal\u00e0. <\/strong>A continuaci\u00f3, cloenda dels actes de la diada amb <strong>el concert \u201cTribut a N\u00faria Feliu\u201d.<\/strong><\/p>\n\n\n\n<hr class=\"wp-block-separator has-alpha-channel-opacity\"\/>\n\n\n\n<p><strong>CASTELLANO | Este a\u00f1o el libro que ha editado la Concejal\u00eda de Cultura inclye m\u00e1s de cincuenta entrevistas con motivo del centenario del edificio viejo de la escuela bisbalenca.<\/strong><\/p>\n\n\n\n<p>Un a\u00f1o m\u00e1s, la Concejal\u00eda de Cultura ha organizado un amplio programa de actividades con motivo de la celebraci\u00f3n de Sant Jordi. Las actividades empezar\u00e1n <strong>el jueves 20 de abril, a las 18h<\/strong>, <strong>con el espect\u00e1culo de cuentos familiares \u201cLlegendes de dracs\u201d<\/strong> de la mano de Ingrid Domingo en la Biblioteca.<\/p>\n\n\n\n<p><strong>El s\u00e1bado 22 de abril, a las 18:30h, el patio de la escuela vieja <\/strong>acoger\u00e1 la presentaci\u00f3n del libro que ha editado el Ayuntamiento de la Bisbal del Pened\u00e8s con motivo del centenario del edificio viejo de las escuelas de la Bisbal <strong>\u201cMem\u00f2ries escolars. Converses i records de l\u2019escola de la Bisbal en el centenari de l\u2019edifici\u201d<\/strong>. El libro contiene m\u00e1s de medio centenar de entrevistas realizadas por la periodista bisbalenca S\u00f2nia Ferrer e informaci\u00f3n hist\u00f3rica confeccionada por el historiador local Jordi Ferran Ventosa. El libro incluye entrevistas a bisbalencs i bisbalenques de varias generaciones que, en alg\u00fan momento de su escolarizaci\u00f3n, han estudiado en el edificio centenario de las c\u00fapulas. Tambi\u00e9n incluye las conversaciones mantenidas con otras personas relacionadas con la escuela, como por ejemplo maestros o vecinos y vecinas que han trabajado all\u00ed en alg\u00fan momento de su vida. As\u00ed mismo, este volumen incluye documentos, fotograf\u00edas del colegio, recuerdos y manualidades, la mayor\u00eda de las cuales han sido cedidas por personas que han querido participar en esta recopilaci\u00f3n que la Concejal\u00eda de Cultura ha editado con motivo de Sant Jordi.<\/p>\n\n\n\n<p><strong>El domingo 23 de abril, a partir de las 10h, la plaza de l\u2019Esgl\u00e9sia<\/strong> reunir\u00e1 varias paradas literarias y de rosas.<\/p>\n\n\n\n<p><strong>A las 11:30h, el patio de la escuela vieja<\/strong> acoger\u00e1 la entrega de <strong>premios del concurso literario infantil <\/strong>y la actuaci\u00f3n musical abierta a todo el p\u00fablico a cargo de <strong>\u201cLandry el rumbero\u201d.<\/strong><\/p>\n\n\n\n<p><strong>A las 13h, la plaza de l\u2019Esgl\u00e9sia<\/strong> acoger\u00e1 la <strong>presentaci\u00f3n de la obra del bisbalenc Sergio Mart\u00edn \u201cT\u00fa (Yo): El sentir de un segundo\u201d.<\/strong> Tambi\u00e9n habr\u00e1 una parada del autor bisbalenc J\u00falio Calder\u00f3n, la parada de libros de 2\u00aa mano de la Associaci\u00f3 de Dones La Roca Foradada y el estand de la Concejal\u00eda de Cultura con los libros publicados por el Ayuntamiento.<\/p>\n\n\n\n<p><strong>A las 13:30h<\/strong> la plaza de la Iglesia acoger\u00e1 la <strong><em>xatonada<\/em> popular<\/strong> organizada por la Associaci\u00f3 de Dones La Roca Foradada (inscripciones en la entidad 622 649 297).<\/p>\n\n\n\n<p><strong>A las 18:30h, en el patio de la escuela vieja,<\/strong> <strong>entrega de los premios del 15\u00ba Concurso Literario de Sant Jordi, <\/strong>presentada por el <strong>humorista Ferran Aixal\u00e0<\/strong>. A continuaci\u00f3n, clausura de los actos de la diada con el <strong>concierto<\/strong> <strong>\u201cTribut a N\u00faria Feliu\u201d.<\/strong><\/p>\n\n\n\n<p><\/p>\n","protected":false},"excerpt":{"rendered":"<p>Enguany el llibre que ha editat la Regidoria de Cultura inclou m\u00e9s de cinquanta entrevistes amb motiu del centenari de l\u2019edifici vell de l\u2019escola bisbalenca Un any m\u00e9s, la Regidoria &hellip; <a href=\"https:\/\/bisbalpenedes.com\/web\/2023\/04\/17\/la-bisbal-del-penedes-celebra-sant-jordi-amb-un-ampli-programa-dactivitats\/\" class=\"more-link\">Read More<\/a><\/p>\n","protected":false},"author":4,"featured_media":25592,"comment_status":"closed","ping_status":"closed","sticky":false,"template":"","format":"standard","meta":[],"categories":[13,8],"tags":[459,337,393,5967,1374,64,5966],"_links":{"self":[{"href":"https:\/\/bisbalpenedes.com\/web\/wp-json\/wp\/v2\/posts\/25590"}],"collection":[{"href":"https:\/\/bisbalpenedes.com\/web\/wp-json\/wp\/v2\/posts"}],"about":[{"href":"https:\/\/bisbalpenedes.com\/web\/wp-json\/wp\/v2\/types\/post"}],"author":[{"embeddable":true,"href":"https:\/\/bisbalpenedes.com\/web\/wp-json\/wp\/v2\/users\/4"}],"replies":[{"embeddable":true,"href":"https:\/\/bisbalpenedes.com\/web\/wp-json\/wp\/v2\/comments?post=25590"}],"version-history":[{"count":2,"href":"https:\/\/bisbalpenedes.com\/web\/wp-json\/wp\/v2\/posts\/25590\/revisions"}],"predecessor-version":[{"id":25594,"href":"https:\/\/bisbalpenedes.com\/web\/wp-json\/wp\/v2\/posts\/25590\/revisions\/25594"}],"wp:featuredmedia":[{"embeddable":true,"href":"https:\/\/bisbalpenedes.com\/web\/wp-json\/wp\/v2\/media\/25592"}],"wp:attachment":[{"href":"https:\/\/bisbalpenedes.com\/web\/wp-json\/wp\/v2\/media?parent=25590"}],"wp:term":[{"taxonomy":"category","embeddable":true,"href":"https:\/\/bisbalpenedes.com\/web\/wp-json\/wp\/v2\/categories?post=25590"},{"taxonomy":"post_tag","embeddable":true,"href":"https:\/\/bisbalpenedes.com\/web\/wp-json\/wp\/v2\/tags?post=25590"}],"curies":[{"name":"wp","href":"https:\/\/api.w.org\/{rel}","templated":true}]}}