{"id":25587,"date":"2023-04-17T09:27:17","date_gmt":"2023-04-17T07:27:17","guid":{"rendered":"https:\/\/bisbalpenedes.com\/web\/?p=25587"},"modified":"2023-04-17T09:27:17","modified_gmt":"2023-04-17T07:27:17","slug":"saprova-la-relacio-definitiva-dadmesos-i-exclosos-en-el-proces-selectiu-duna-placa-doperari-a-de-custodia-dedificis-escolars-per-concurs-oposicio","status":"publish","type":"post","link":"https:\/\/bisbalpenedes.com\/web\/2023\/04\/17\/saprova-la-relacio-definitiva-dadmesos-i-exclosos-en-el-proces-selectiu-duna-placa-doperari-a-de-custodia-dedificis-escolars-per-concurs-oposicio\/","title":{"rendered":"S&#8217;aprova la relaci\u00f3 definitiva d&#8217;admesos i exclosos en el proc\u00e9s selectiu d&#8217;una pla\u00e7a d&#8217;operari\/a de cust\u00f2dia d&#8217;edificis escolars per concurs-oposici\u00f3"},"content":{"rendered":"\n<p>El passat 25 de gener es va publicar la relaci\u00f3 provisional d&#8217;aspirants admesos i exclosos en el proc\u00e9s selectiu d&#8217;una pla\u00e7a d&#8217;operari\/a de cust\u00f2dia d&#8217;edificis escolars, per concurs-oposici\u00f3. De les 14 persones presentades, 5 van quedar excloses provisionalment per no presentar la documentaci\u00f3 necess\u00e0ria per avaluar els requisits i m\u00e8rits de les places. Aquestes cinc persones han presentat la documentaci\u00f3 que faltava dins del termini fixat.<\/p>\n\n\n\n<p>L&#8217;11 d&#8217;abril es va aprovar, per Decret d&#8217;alcaldia, la relaci\u00f3 definitiva d&#8217;admesos i exclosos. El Decret designa el tribunal que valorar\u00e0 els m\u00e8rits dels aspirants i fixa el dia de la valoraci\u00f3 i de les proves d&#8217;oposici\u00f3. Alhora, es va aprovar convocar la prova de nivell b\u00e0sic de catal\u00e0 B2 (intermedi), que ser\u00e0 eliminat\u00f2ria, per a deu de les persones admeses al proc\u00e9s selectiu. Aquesta prova es fa avui dilluns 17 d&#8217;abril a les 9h al Centre Municipal de Cultura i els aspirants van ser avisats la setmana passada. Tamb\u00e9 s&#8217;aprova convocar les proves te\u00f2rica i pr\u00e0ctica de la fase d&#8217;oposici\u00f3 per al dimecres 26 d&#8217;abril a les 9h al Centre Municipal de Cultura.<\/p>\n\n\n\n<p>Podeu consultar la relaci\u00f3 definitiva d&#8217;admesos i exclosos, publicada al BOP el dilluns 17 d\u2019abril, a l&#8217;enlla\u00e7: <a href=\"https:\/\/www.diputaciodetarragona.cat\/ebop\/index.php?op=dwn&amp;tipus=i&amp;data=20230417&amp;anyp=2023&amp;num=03080&amp;v=i\">https:\/\/www.diputaciodetarragona.cat\/ebop\/index.php?op=dwn&amp;tipus=i&amp;data=20230417&amp;anyp=2023&amp;num=03080&amp;v=i<\/a><\/p>\n\n\n\n<hr class=\"wp-block-separator has-alpha-channel-opacity\"\/>\n\n\n\n<p><strong>CASTELLANO | <\/strong>El pasado 25 de enero se public\u00f3 la relaci\u00f3n provisional de aspirantes admitidos y excluidos en el proceso selectivo de una plaza de operario\/a de custodia de edificios escolares, por concurso-oposici\u00f3n. De las 14 personas presentadas, 5 quedaron excluidas provisionalmente por no presentar la documentaci\u00f3n necesaria para evaluar los requisitos y m\u00e9ritos de las plazas. Estas cinco personas han presentado la documentaci\u00f3n que faltaba dentro del plazo fijado.<\/p>\n\n\n\n<p>El 11 de abril se aprob\u00f3, por Decreto de alcald\u00eda, la relaci\u00f3n definitiva de admitidos y excluidos. El Decreto designa el tribunal que valorar\u00e1 los m\u00e9ritos de los aspirantes y fija el d\u00eda de la valoraci\u00f3n y de las pruebas de oposici\u00f3n. A la vez, se aprob\u00f3 convocar la prueba de nivel b\u00e1sico de catal\u00e1n B2 (intermedio), que ser\u00e1 eliminatoria, para diez de las personas admitidas en el proceso selectivo. Esta prueba se hace hoy lunes 17 de abril a las 9h en el Centre Municipal de Cultura y los aspirantes fueron avisados la semana pasada. Tambi\u00e9n se aprueba convocar las pruebas te\u00f3rica y pr\u00e1ctica de la fase de oposici\u00f3n para el mi\u00e9rcoles 26 de abril a las 9h en el Centre Municipal de Cultura.<\/p>\n\n\n\n<p>Pod\u00e9is consultar la relaci\u00f3n definitiva de admitidos y excluidos, publicada en el BOP el lunes 17 de abril, en el enlace: <a href=\"https:\/\/www.diputaciodetarragona.cat\/ebop\/index.php?op=dwn&amp;tipus=i&amp;data=20230417&amp;anyp=2023&amp;num=03080&amp;v=i\">https:\/\/www.diputaciodetarragona.cat\/ebop\/index.php?op=dwn&amp;tipus=i&amp;data=20230417&amp;anyp=2023&amp;num=03080&amp;v=i<\/a><\/p>\n","protected":false},"excerpt":{"rendered":"<p>El passat 25 de gener es va publicar la relaci\u00f3 provisional d&#8217;aspirants admesos i exclosos en el proc\u00e9s selectiu d&#8217;una pla\u00e7a d&#8217;operari\/a de cust\u00f2dia d&#8217;edificis escolars, per concurs-oposici\u00f3. De les &hellip; <a href=\"https:\/\/bisbalpenedes.com\/web\/2023\/04\/17\/saprova-la-relacio-definitiva-dadmesos-i-exclosos-en-el-proces-selectiu-duna-placa-doperari-a-de-custodia-dedificis-escolars-per-concurs-oposicio\/\" class=\"more-link\">Read More<\/a><\/p>\n","protected":false},"author":4,"featured_media":25588,"comment_status":"closed","ping_status":"closed","sticky":false,"template":"","format":"standard","meta":[],"categories":[2402,8],"tags":[2230,5965,2231,393,2030,1125,5964],"_links":{"self":[{"href":"https:\/\/bisbalpenedes.com\/web\/wp-json\/wp\/v2\/posts\/25587"}],"collection":[{"href":"https:\/\/bisbalpenedes.com\/web\/wp-json\/wp\/v2\/posts"}],"about":[{"href":"https:\/\/bisbalpenedes.com\/web\/wp-json\/wp\/v2\/types\/post"}],"author":[{"embeddable":true,"href":"https:\/\/bisbalpenedes.com\/web\/wp-json\/wp\/v2\/users\/4"}],"replies":[{"embeddable":true,"href":"https:\/\/bisbalpenedes.com\/web\/wp-json\/wp\/v2\/comments?post=25587"}],"version-history":[{"count":1,"href":"https:\/\/bisbalpenedes.com\/web\/wp-json\/wp\/v2\/posts\/25587\/revisions"}],"predecessor-version":[{"id":25589,"href":"https:\/\/bisbalpenedes.com\/web\/wp-json\/wp\/v2\/posts\/25587\/revisions\/25589"}],"wp:featuredmedia":[{"embeddable":true,"href":"https:\/\/bisbalpenedes.com\/web\/wp-json\/wp\/v2\/media\/25588"}],"wp:attachment":[{"href":"https:\/\/bisbalpenedes.com\/web\/wp-json\/wp\/v2\/media?parent=25587"}],"wp:term":[{"taxonomy":"category","embeddable":true,"href":"https:\/\/bisbalpenedes.com\/web\/wp-json\/wp\/v2\/categories?post=25587"},{"taxonomy":"post_tag","embeddable":true,"href":"https:\/\/bisbalpenedes.com\/web\/wp-json\/wp\/v2\/tags?post=25587"}],"curies":[{"name":"wp","href":"https:\/\/api.w.org\/{rel}","templated":true}]}}