{"id":25579,"date":"2023-04-14T08:02:41","date_gmt":"2023-04-14T06:02:41","guid":{"rendered":"https:\/\/bisbalpenedes.com\/web\/?p=25579"},"modified":"2023-04-14T08:02:41","modified_gmt":"2023-04-14T06:02:41","slug":"1r-aniversari-de-lassociacio-per-la-proteccio-de-la-infantesa-contra-labus-dissabte-6-de-maig-al-priorat-de-la-bisbal","status":"publish","type":"post","link":"https:\/\/bisbalpenedes.com\/web\/2023\/04\/14\/1r-aniversari-de-lassociacio-per-la-proteccio-de-la-infantesa-contra-labus-dissabte-6-de-maig-al-priorat-de-la-bisbal\/","title":{"rendered":"1r aniversari de l&#8217;Associaci\u00f3 per la Protecci\u00f3 de la Infantesa Contra l&#8217;Ab\u00fas &#8211; Dissabte 6 de maig al Priorat de la Bisbal"},"content":{"rendered":"\n<p>L&#8217;Associaci\u00f3 P.I.C.A. (Protecci\u00f3 de la Infantesa Contra l&#8217;Ab\u00fas) celebrar\u00e0 el seu 1r aniversari al Priorat de la Bisbal, el dissabte 6 de maig, amb una matinal solid\u00e0ria. Us adjuntem el cartell amb les activitats previstes.<\/p>\n\n\n\n<hr class=\"wp-block-separator has-alpha-channel-opacity\"\/>\n\n\n\n<p>La Asociaci\u00f3n P.I.C.A. (Protecci\u00f3n de la Infancia Contra el Abuso) celebrar\u00e1 su 1\u00ba aniversario en el Priorat de la Bisbal, el s\u00e1bado 6 de mayo, con una matinal solidaria. Os adjuntamos el cartel con las actividades previstas.<\/p>\n\n\n\n<p><\/p>\n","protected":false},"excerpt":{"rendered":"<p>L&#8217;Associaci\u00f3 P.I.C.A. (Protecci\u00f3 de la Infantesa Contra l&#8217;Ab\u00fas) celebrar\u00e0 el seu 1r aniversari al Priorat de la Bisbal, el dissabte 6 de maig, amb una matinal solid\u00e0ria. Us adjuntem el &hellip; <a href=\"https:\/\/bisbalpenedes.com\/web\/2023\/04\/14\/1r-aniversari-de-lassociacio-per-la-proteccio-de-la-infantesa-contra-labus-dissabte-6-de-maig-al-priorat-de-la-bisbal\/\" class=\"more-link\">Read More<\/a><\/p>\n","protected":false},"author":4,"featured_media":25581,"comment_status":"closed","ping_status":"closed","sticky":false,"template":"","format":"standard","meta":[],"categories":[2942,20,8],"tags":[1949,5723,393,5962,520,5961],"_links":{"self":[{"href":"https:\/\/bisbalpenedes.com\/web\/wp-json\/wp\/v2\/posts\/25579"}],"collection":[{"href":"https:\/\/bisbalpenedes.com\/web\/wp-json\/wp\/v2\/posts"}],"about":[{"href":"https:\/\/bisbalpenedes.com\/web\/wp-json\/wp\/v2\/types\/post"}],"author":[{"embeddable":true,"href":"https:\/\/bisbalpenedes.com\/web\/wp-json\/wp\/v2\/users\/4"}],"replies":[{"embeddable":true,"href":"https:\/\/bisbalpenedes.com\/web\/wp-json\/wp\/v2\/comments?post=25579"}],"version-history":[{"count":1,"href":"https:\/\/bisbalpenedes.com\/web\/wp-json\/wp\/v2\/posts\/25579\/revisions"}],"predecessor-version":[{"id":25582,"href":"https:\/\/bisbalpenedes.com\/web\/wp-json\/wp\/v2\/posts\/25579\/revisions\/25582"}],"wp:featuredmedia":[{"embeddable":true,"href":"https:\/\/bisbalpenedes.com\/web\/wp-json\/wp\/v2\/media\/25581"}],"wp:attachment":[{"href":"https:\/\/bisbalpenedes.com\/web\/wp-json\/wp\/v2\/media?parent=25579"}],"wp:term":[{"taxonomy":"category","embeddable":true,"href":"https:\/\/bisbalpenedes.com\/web\/wp-json\/wp\/v2\/categories?post=25579"},{"taxonomy":"post_tag","embeddable":true,"href":"https:\/\/bisbalpenedes.com\/web\/wp-json\/wp\/v2\/tags?post=25579"}],"curies":[{"name":"wp","href":"https:\/\/api.w.org\/{rel}","templated":true}]}}