{"id":25573,"date":"2023-04-14T08:01:18","date_gmt":"2023-04-14T06:01:18","guid":{"rendered":"https:\/\/bisbalpenedes.com\/web\/?p=25573"},"modified":"2023-04-14T08:01:18","modified_gmt":"2023-04-14T06:01:18","slug":"alerta-per-sequera-i-alt-risc-dincendi","status":"publish","type":"post","link":"https:\/\/bisbalpenedes.com\/web\/2023\/04\/14\/alerta-per-sequera-i-alt-risc-dincendi\/","title":{"rendered":"Alerta per sequera i alt risc d&#8217;incendi"},"content":{"rendered":"\n<p>Ens trobem en una situaci\u00f3 excepcional per sequera i estem en situaci\u00f3 d\u2019ALERTA\u203c\ufe0f Alguns municipis propers a la Bisbal ja estan patint restriccions d\u2019aigua. Per aquest motiu, cal que tots siguem conscients de la situaci\u00f3 i que en fem un consum responsable. Us adjuntem un cartell amb les indicacions perqu\u00e8 tots fem un consum responsable.<\/p>\n\n\n\n<p>Podeu accedir al visor de la sequera de l\u2019Ag\u00e8ncia catalana de l\u2019aigua entrant a: https:\/\/aplicacions.aca.gencat.cat\/visseq\/estat-actual<\/p>\n\n\n\n<p>La situaci\u00f3 de sequera va acompanyada d&#8217;una situaci\u00f3 d&#8217;alt risc d&#8217;incendi (adjuntem mapa de predicci\u00f3 de perill d&#8217;incendi forestal). Si us plau, extremeu les precaucions.<\/p>\n\n\n\n<hr class=\"wp-block-separator has-alpha-channel-opacity\"\/>\n\n\n\n<p>Nos encontramos en una situaci\u00f3n excepcional por sequ\u00eda y estamos en situaci\u00f3n de ALERTA\u203c\ufe0f Algunos municipios cercanos a la Bisbal ya est\u00e1n sufriendo restricciones agua. Por este motivo, es necesario que todos seamos conscientes de la situaci\u00f3n y que hagamos un consumo responsable. Os adjuntamos un cartel con las indicaciones para que todos hagamos un consumo responsable.<\/p>\n\n\n\n<p>Pod\u00e9is acceder al visor de sequ\u00eda de la Agencia Catalana del agua entrando a: https:\/\/aplicacions.aca.gencat.cat\/visseq\/estat-actual<\/p>\n\n\n\n<p>La situaci\u00f3n de sequ\u00eda va acompa\u00f1ada de una situaci\u00f3n de alto riesgo de incendio (adjuntamos mapa de predicci\u00f3n de peligro de incendio forestal). Por favor, extremad las precauciones.<\/p>\n\n\n\n<figure class=\"wp-block-image size-large\"><img loading=\"lazy\" width=\"724\" height=\"1024\" src=\"https:\/\/bisbalpenedes.com\/web\/wp-content\/uploads\/2023\/03\/poster-sequera-restriccions-alerta-724x1024.jpg\" alt=\"\" class=\"wp-image-25458\" srcset=\"https:\/\/bisbalpenedes.com\/web\/wp-content\/uploads\/2023\/03\/poster-sequera-restriccions-alerta-724x1024.jpg 724w, https:\/\/bisbalpenedes.com\/web\/wp-content\/uploads\/2023\/03\/poster-sequera-restriccions-alerta-212x300.jpg 212w, https:\/\/bisbalpenedes.com\/web\/wp-content\/uploads\/2023\/03\/poster-sequera-restriccions-alerta-768x1087.jpg 768w, https:\/\/bisbalpenedes.com\/web\/wp-content\/uploads\/2023\/03\/poster-sequera-restriccions-alerta-600x849.jpg 600w, https:\/\/bisbalpenedes.com\/web\/wp-content\/uploads\/2023\/03\/poster-sequera-restriccions-alerta.jpg 841w\" sizes=\"(max-width: 724px) 100vw, 724px\" \/><\/figure>\n\n\n\n<figure class=\"wp-block-image size-large\"><img loading=\"lazy\" width=\"1024\" height=\"1024\" src=\"https:\/\/bisbalpenedes.com\/web\/wp-content\/uploads\/2023\/04\/consells_incendis_borilla_CAT1024_1-1024x1024.jpg\" alt=\"\" class=\"wp-image-25575\" srcset=\"https:\/\/bisbalpenedes.com\/web\/wp-content\/uploads\/2023\/04\/consells_incendis_borilla_CAT1024_1.jpg 1024w, https:\/\/bisbalpenedes.com\/web\/wp-content\/uploads\/2023\/04\/consells_incendis_borilla_CAT1024_1-300x300.jpg 300w, https:\/\/bisbalpenedes.com\/web\/wp-content\/uploads\/2023\/04\/consells_incendis_borilla_CAT1024_1-150x150.jpg 150w, https:\/\/bisbalpenedes.com\/web\/wp-content\/uploads\/2023\/04\/consells_incendis_borilla_CAT1024_1-768x768.jpg 768w, https:\/\/bisbalpenedes.com\/web\/wp-content\/uploads\/2023\/04\/consells_incendis_borilla_CAT1024_1-600x600.jpg 600w, https:\/\/bisbalpenedes.com\/web\/wp-content\/uploads\/2023\/04\/consells_incendis_borilla_CAT1024_1-100x100.jpg 100w\" sizes=\"(max-width: 1024px) 100vw, 1024px\" \/><\/figure>\n\n\n\n<figure class=\"wp-block-image size-full\"><img loading=\"lazy\" width=\"1023\" height=\"1024\" src=\"https:\/\/bisbalpenedes.com\/web\/wp-content\/uploads\/2023\/04\/Consells_incendis_barbacoa_CAT1024_1.jpg\" alt=\"\" class=\"wp-image-25576\" srcset=\"https:\/\/bisbalpenedes.com\/web\/wp-content\/uploads\/2023\/04\/Consells_incendis_barbacoa_CAT1024_1.jpg 1023w, https:\/\/bisbalpenedes.com\/web\/wp-content\/uploads\/2023\/04\/Consells_incendis_barbacoa_CAT1024_1-300x300.jpg 300w, https:\/\/bisbalpenedes.com\/web\/wp-content\/uploads\/2023\/04\/Consells_incendis_barbacoa_CAT1024_1-150x150.jpg 150w, https:\/\/bisbalpenedes.com\/web\/wp-content\/uploads\/2023\/04\/Consells_incendis_barbacoa_CAT1024_1-768x769.jpg 768w, https:\/\/bisbalpenedes.com\/web\/wp-content\/uploads\/2023\/04\/Consells_incendis_barbacoa_CAT1024_1-600x601.jpg 600w, https:\/\/bisbalpenedes.com\/web\/wp-content\/uploads\/2023\/04\/Consells_incendis_barbacoa_CAT1024_1-100x100.jpg 100w\" sizes=\"(max-width: 1023px) 100vw, 1023px\" \/><\/figure>\n","protected":false},"excerpt":{"rendered":"<p>Ens trobem en una situaci\u00f3 excepcional per sequera i estem en situaci\u00f3 d\u2019ALERTA\u203c\ufe0f Alguns municipis propers a la Bisbal ja estan patint restriccions d\u2019aigua. Per aquest motiu, cal que tots &hellip; <a href=\"https:\/\/bisbalpenedes.com\/web\/2023\/04\/14\/alerta-per-sequera-i-alt-risc-dincendi\/\" class=\"more-link\">Read More<\/a><\/p>\n","protected":false},"author":4,"featured_media":25574,"comment_status":"closed","ping_status":"closed","sticky":false,"template":"","format":"standard","meta":[],"categories":[1628,8],"tags":[5960,393,5934],"_links":{"self":[{"href":"https:\/\/bisbalpenedes.com\/web\/wp-json\/wp\/v2\/posts\/25573"}],"collection":[{"href":"https:\/\/bisbalpenedes.com\/web\/wp-json\/wp\/v2\/posts"}],"about":[{"href":"https:\/\/bisbalpenedes.com\/web\/wp-json\/wp\/v2\/types\/post"}],"author":[{"embeddable":true,"href":"https:\/\/bisbalpenedes.com\/web\/wp-json\/wp\/v2\/users\/4"}],"replies":[{"embeddable":true,"href":"https:\/\/bisbalpenedes.com\/web\/wp-json\/wp\/v2\/comments?post=25573"}],"version-history":[{"count":1,"href":"https:\/\/bisbalpenedes.com\/web\/wp-json\/wp\/v2\/posts\/25573\/revisions"}],"predecessor-version":[{"id":25577,"href":"https:\/\/bisbalpenedes.com\/web\/wp-json\/wp\/v2\/posts\/25573\/revisions\/25577"}],"wp:featuredmedia":[{"embeddable":true,"href":"https:\/\/bisbalpenedes.com\/web\/wp-json\/wp\/v2\/media\/25574"}],"wp:attachment":[{"href":"https:\/\/bisbalpenedes.com\/web\/wp-json\/wp\/v2\/media?parent=25573"}],"wp:term":[{"taxonomy":"category","embeddable":true,"href":"https:\/\/bisbalpenedes.com\/web\/wp-json\/wp\/v2\/categories?post=25573"},{"taxonomy":"post_tag","embeddable":true,"href":"https:\/\/bisbalpenedes.com\/web\/wp-json\/wp\/v2\/tags?post=25573"}],"curies":[{"name":"wp","href":"https:\/\/api.w.org\/{rel}","templated":true}]}}