{"id":25568,"date":"2023-04-14T07:05:30","date_gmt":"2023-04-14T05:05:30","guid":{"rendered":"https:\/\/bisbalpenedes.com\/web\/?p=25568"},"modified":"2023-04-14T07:10:05","modified_gmt":"2023-04-14T05:10:05","slug":"el-dissabte-29-dabril-el-cmc-acollira-la-projeccio-de-la-pellicula-la-maternal-del-cicle-gaudi","status":"publish","type":"post","link":"https:\/\/bisbalpenedes.com\/web\/2023\/04\/14\/el-dissabte-29-dabril-el-cmc-acollira-la-projeccio-de-la-pellicula-la-maternal-del-cicle-gaudi\/","title":{"rendered":"<strong>El dissabte 29 d&#8217;abril el CMC acollir\u00e0 la projecci\u00f3 de la pel\u00b7l\u00edcula \u201cLa Maternal\u201d del Cicle Gaud\u00ed<\/strong>"},"content":{"rendered":"\n<p>El dissabte 29 d&#8217;abril, a les 19h, el CMC acollir\u00e0 la projecci\u00f3 de la pel\u00b7l\u00edcula &#8220;La Maternal&#8221; del Cicle Gaud\u00ed.<\/p>\n\n\n\n<p><strong>FITXA T\u00c8CNICA<\/strong><\/p>\n\n\n\n<p>Direcci\u00f3: Pilar Palomero<\/p>\n\n\n\n<p>Gui\u00f3: Pilar Palomero<\/p>\n\n\n\n<p>Productora: Inicia Films i BTeam Prods<\/p>\n\n\n\n<p>Estrena: Octubre 2022<\/p>\n\n\n\n<p>Durada: 122 min.<\/p>\n\n\n\n<p>G\u00e8nere: Drama<\/p>\n\n\n\n<p>Versi\u00f3: Original en Castell\u00e0<\/p>\n\n\n\n<p>Int\u00e8rprets: \u00c1ngela Cervantes, Carla Qu\u00edlez<\/p>\n\n\n\n<p><strong>SINOPSI<\/strong><\/p>\n\n\n\n<p>La Carla t\u00e9 catorze anys i \u00e9s una jove desafiant i rebel. Viu en un antic restaurant de carretera als afores d&#8217;un poble amb la seva jove mare soltera mentre falta a classe i passa les hores amb el seu amic Efra\u00edn. Quan l&#8217;assistenta social s&#8217;adona que est\u00e0 embarassada de cinc mesos, la Carla ingressa a &#8220;La Maternal&#8221;, un centre per a mares menors d&#8217;edat on comparteix el seu dia a dia amb altres joves com ella. Junt amb els seus nadons, s&#8217;enfrontaran a aquest nou m\u00f3n d&#8217;adults pel que no han tingut temps per preparar-se.<\/p>\n\n\n\n<p>Com \u00e9s habitual, el preu de l\u2019entrada ser\u00e0 de 4,5\u20ac (general) i 3\u20ac per als espectadors que presentin el carnet de la Biblioteca p\u00fablica de la Bisbal del Pened\u00e8s. Els beneficis es destinaran a l\u2019entitat que gestioni la taquilla abans de la projecci\u00f3 (es fa un sorteig entre les entitats que volen fer aquesta tasca), en aquest cas Senderistes Bisbalencs.<\/p>\n\n\n\n<figure class=\"wp-block-embed is-type-video is-provider-youtube wp-block-embed-youtube wp-embed-aspect-16-9 wp-has-aspect-ratio\"><div class=\"wp-block-embed__wrapper\">\n<iframe loading=\"lazy\" title=\"Cicle Gaud\u00ed: &quot;La maternal&quot;\" width=\"1170\" height=\"658\" src=\"https:\/\/www.youtube.com\/embed\/w6Lh9k_F54E?feature=oembed\" frameborder=\"0\" allow=\"accelerometer; autoplay; clipboard-write; encrypted-media; gyroscope; picture-in-picture; web-share\" allowfullscreen><\/iframe>\n<\/div><\/figure>\n\n\n\n<hr class=\"wp-block-separator has-alpha-channel-opacity\"\/>\n\n\n\n<p><strong>CASTELLANO |\u00a0<\/strong>El s\u00e1bado 29 de abril, a las 19h, el CMC acoger\u00e1 la proyecci\u00f3n de la pel\u00edcula &#8220;La Maternal&#8221; del Cicle Gaud\u00ed.<\/p>\n\n\n\n<p><strong>FICHA T\u00c9CNICA<\/strong><\/p>\n\n\n\n<p>Direcci\u00f3n: Pilar Palomero<\/p>\n\n\n\n<p>Gui\u00f3n: Pilar Palomero<\/p>\n\n\n\n<p>Productora: Inicia Films y BTeam Prods<\/p>\n\n\n\n<p>Estreno: Octubre 2022<\/p>\n\n\n\n<p>Duraci\u00f3n: 122 min.<\/p>\n\n\n\n<p>G\u00e9nero: Drama<\/p>\n\n\n\n<p>Versi\u00f3n: Original en Castellano<\/p>\n\n\n\n<p>Int\u00e9rpretes: \u00c1ngela Cervantes, Carla Qu\u00edlez<\/p>\n\n\n\n<p><strong>SINOPSIS<\/strong><\/p>\n\n\n\n<p>Carla tiene catorce a\u00f1os y es una joven desafiante y rebelde. Vive en un antiguo restaurante de carretera en las afueras de un pueblo con su joven madre soltera mientras falta a clase y pasa las horas junto con su amigo Efra\u00edn. Cuando la asistenta social se da cuenta de que est\u00e1 embarazada de cinco meses, Carla ingresa en &#8220;La Maternal&#8221;, un centro para madres menores de edad en el que comparte su d\u00eda a d\u00eda con otras j\u00f3venes como ella. Junto con sus beb\u00e9s, se enfrentan a este nuevo mundo de adultos para el que no han tenido tiempo de prepararse.<\/p>\n\n\n\n<p>Como es habitual, el precio de la entrada ser\u00e1 de 4,5\u20ac (general) y 3\u20ac para los espectadores que presenten el carn\u00e9 de la Biblioteca p\u00fablica de la Bisbal del Pened\u00e8s. Los beneficios se destinar\u00e1n a la entidad que gestione la taquilla antes de la proyecci\u00f3n (se hace un sorteo entre las entidades que quieren hacer esta tarea), en este caso, Senderistes Bisbalencs.<\/p>\n","protected":false},"excerpt":{"rendered":"<p>El dissabte 29 d&#8217;abril, a les 19h, el CMC acollir\u00e0 la projecci\u00f3 de la pel\u00b7l\u00edcula &#8220;La Maternal&#8221; del Cicle Gaud\u00ed. FITXA T\u00c8CNICA Direcci\u00f3: Pilar Palomero Gui\u00f3: Pilar Palomero Productora: Inicia &hellip; <a href=\"https:\/\/bisbalpenedes.com\/web\/2023\/04\/14\/el-dissabte-29-dabril-el-cmc-acollira-la-projeccio-de-la-pellicula-la-maternal-del-cicle-gaudi\/\" class=\"more-link\">Read More<\/a><\/p>\n","protected":false},"author":4,"featured_media":25569,"comment_status":"closed","ping_status":"closed","sticky":false,"template":"","format":"standard","meta":[],"categories":[2942,13,8],"tags":[5959,2930,308,813,5958],"_links":{"self":[{"href":"https:\/\/bisbalpenedes.com\/web\/wp-json\/wp\/v2\/posts\/25568"}],"collection":[{"href":"https:\/\/bisbalpenedes.com\/web\/wp-json\/wp\/v2\/posts"}],"about":[{"href":"https:\/\/bisbalpenedes.com\/web\/wp-json\/wp\/v2\/types\/post"}],"author":[{"embeddable":true,"href":"https:\/\/bisbalpenedes.com\/web\/wp-json\/wp\/v2\/users\/4"}],"replies":[{"embeddable":true,"href":"https:\/\/bisbalpenedes.com\/web\/wp-json\/wp\/v2\/comments?post=25568"}],"version-history":[{"count":2,"href":"https:\/\/bisbalpenedes.com\/web\/wp-json\/wp\/v2\/posts\/25568\/revisions"}],"predecessor-version":[{"id":25571,"href":"https:\/\/bisbalpenedes.com\/web\/wp-json\/wp\/v2\/posts\/25568\/revisions\/25571"}],"wp:featuredmedia":[{"embeddable":true,"href":"https:\/\/bisbalpenedes.com\/web\/wp-json\/wp\/v2\/media\/25569"}],"wp:attachment":[{"href":"https:\/\/bisbalpenedes.com\/web\/wp-json\/wp\/v2\/media?parent=25568"}],"wp:term":[{"taxonomy":"category","embeddable":true,"href":"https:\/\/bisbalpenedes.com\/web\/wp-json\/wp\/v2\/categories?post=25568"},{"taxonomy":"post_tag","embeddable":true,"href":"https:\/\/bisbalpenedes.com\/web\/wp-json\/wp\/v2\/tags?post=25568"}],"curies":[{"name":"wp","href":"https:\/\/api.w.org\/{rel}","templated":true}]}}