{"id":25558,"date":"2023-04-12T21:15:54","date_gmt":"2023-04-12T19:15:54","guid":{"rendered":"https:\/\/bisbalpenedes.com\/web\/?p=25558"},"modified":"2023-04-12T21:15:54","modified_gmt":"2023-04-12T19:15:54","slug":"transhumant-2023-activitats-paralleles-del-dissabte-15-dabril-obertes-a-tothom","status":"publish","type":"post","link":"https:\/\/bisbalpenedes.com\/web\/2023\/04\/12\/transhumant-2023-activitats-paralleles-del-dissabte-15-dabril-obertes-a-tothom\/","title":{"rendered":"Transhumant 2023: activitats paral\u00b7leles del dissabte 15 d&#8217;abril obertes a tothom"},"content":{"rendered":"\n<p>Ja tenim aqu\u00ed la Transhumant! Les places per a la sortida estan exhaurides, per\u00f2 podeu veure passar el ramat a les 8h del mat\u00ed!<\/p>\n\n\n\n<p>I tamb\u00e9 podeu participar en les altres activitats programades:<\/p>\n\n\n\n<p><strong>Dissabte 15 d\u2019abril, a les 18h (Centre Municipal de Cultura) xerrada\u00a0<\/strong>centrada en la import\u00e0ncia dels pastors a la nostra societat que anir\u00e0 a c\u00e0rrec de l\u2019expert Joan Rovira Merino. A continuaci\u00f3, la periodista J\u00falia Peguera (Tot es mou, TV3) conduir\u00e0 una\u00a0<strong>taula rodona<\/strong>\u00a0centrada en l\u2019ofici del pastor, un espai que pot esdevenir molt interessant per a aquelles persones -especialment els joves- que es plantegin dedicar-se a aquest ofici que, en l\u2019actualitat, est\u00e0 for\u00e7a demandat per fer tasques de neteja al sotabosc. Comptarem amb la pres\u00e8ncia de pastors i pastores que compartiran les seves experi\u00e8ncies, aix\u00ed com amb diferents representants del m\u00f3n rural que ens ajudaran a visualitzar aquest nou futur recuperant oficis i tradicions. Hi haur\u00e0 un torn de preguntes i participaci\u00f3 del p\u00fablic assistent. Aquesta activitat est\u00e0 oberta a la participaci\u00f3 de la ciutadania i, per participar-hi, no cal inscripci\u00f3 pr\u00e8via.<\/p>\n\n\n\n<p><strong>A continuaci\u00f3<\/strong>,\u00a0les persones inscrites a la caminada de la Transhumant podran gaudir d\u2019una\u00a0<strong>degustaci\u00f3 gastron\u00f2mica maridada\u00a0<\/strong>amb cava\u00a0a l\u2019<strong>Espai Torclum (pla\u00e7a Pau Casals)<\/strong>\u00a0de la Bisbal del Pened\u00e8s: coca de primavera de L\u2019Obrador, hamburguesa de cal\u00e7ots, mongeta i romesco del Restaurant Ull de Llebre, Crema d\u2019Oli Baix Pened\u00e8s Dol\u00e7 del Restaurant Vell Papiol i cava de Cellers Domenys<\/p>\n\n\n\n<p><strong>Aquesta activitat tamb\u00e9 est\u00e0 oberta a la participaci\u00f3 de persones que no hagin anat en la sortida i a la taula rodona.&nbsp;Per adquirir el tiquet, caldr\u00e0 que us adreceu a Torclum,&nbsp;personant-vos a la pla\u00e7a Pau Casals, 5 de la Bisbal del Pened\u00e8s o trucant al 620 148 362 (Ester).<\/strong><\/p>\n\n\n\n<hr class=\"wp-block-separator has-alpha-channel-opacity\"\/>\n\n\n\n<p>\u00a1Ya tenemos aqu\u00ed la Transhumant! \u00a1Las plazas para la salida est\u00e1n agotadas, pero pod\u00e9is ver pasar el reba\u00f1o a las 8h de la ma\u00f1ana!<\/p>\n\n\n\n<p>Y tambi\u00e9n pod\u00e9is participar en las otras actividades programadas:<\/p>\n\n\n\n<p><strong>S\u00e1bado 15 de abril, a las 18h (Centre Municipal de Cultura)<\/strong> charla centrada en la importancia de los pastores en nuestra sociedad que ir\u00e1 a cargo del experto Joan Rovira Merino. A continuaci\u00f3n, la periodista J\u00falia Peguera (Tot es mou, TV3) conducir\u00e1 una <strong>mesa redonda<\/strong> centrada en el oficio del pastor, un espacio que puede ser muy interesante para aquellas personas -especialmente los j\u00f3venes- que se planteen dedicarse a este oficio que, en la actualidad, est\u00e1 muy demandado para hacer trabajos de limpieza del sotobosque. Contaremos con la presencia de pastores y pastoras que compartir\u00e1n sus experiencias, as\u00ed como con distintos representantes del mundo rural que nos ayudar\u00e1n a visualizar este nuevo futuro recuperando oficios y tradiciones. Habr\u00e1 un turno de preguntas y participaci\u00f3n del p\u00fablico asistente. Esta actividad est\u00e1 abierta a la participaci\u00f3n de la ciudadan\u00eda y, para participar en ella, no es necesario inscribirse previamente.<\/p>\n\n\n\n<p><strong>A continuaci\u00f3n,<\/strong> las personas inscritas a la caminata de la Transhumant podr\u00e1n disfrutar de una <strong>degustaci\u00f3n gastron\u00f3mica <\/strong>maridada con cava en el <strong>Espai Torclum (pla\u00e7a Pau Casals)<\/strong> de la Bisbal del Pened\u00e8s: coca de primavera de L\u2019Obrador, hamburguesa de \u2018cal\u00e7ots\u2019, alubias y romesco del Restaurant Ull de Llebre, Crema de Aceite Baix Pened\u00e8s del Restaurant Vell Papiol y cava de Cellers Domenys.<\/p>\n\n\n\n<p><strong>Esta actividad tambi\u00e9n est\u00e1 abierta a la participaci\u00f3n de personas que no hayan ido a la salida y a la mesa redonda. Para adquirir el tique, ser\u00e1 necesario que os dirij\u00e1is a Torclum, person\u00e1ndoos en la plaza Pau Casals, 5 de la Bisbal del Pened\u00e8s o llamando al 620 148 362 (Ester).<\/strong><\/p>\n","protected":false},"excerpt":{"rendered":"<p>Ja tenim aqu\u00ed la Transhumant! Les places per a la sortida estan exhaurides, per\u00f2 podeu veure passar el ramat a les 8h del mat\u00ed! I tamb\u00e9 podeu participar en les &hellip; <a href=\"https:\/\/bisbalpenedes.com\/web\/2023\/04\/12\/transhumant-2023-activitats-paralleles-del-dissabte-15-dabril-obertes-a-tothom\/\" class=\"more-link\">Read More<\/a><\/p>\n","protected":false},"author":4,"featured_media":25559,"comment_status":"closed","ping_status":"closed","sticky":false,"template":"","format":"standard","meta":[],"categories":[2942,8,4878],"tags":[5954,105,5956,5955,5918,5953,5818,175,2517],"_links":{"self":[{"href":"https:\/\/bisbalpenedes.com\/web\/wp-json\/wp\/v2\/posts\/25558"}],"collection":[{"href":"https:\/\/bisbalpenedes.com\/web\/wp-json\/wp\/v2\/posts"}],"about":[{"href":"https:\/\/bisbalpenedes.com\/web\/wp-json\/wp\/v2\/types\/post"}],"author":[{"embeddable":true,"href":"https:\/\/bisbalpenedes.com\/web\/wp-json\/wp\/v2\/users\/4"}],"replies":[{"embeddable":true,"href":"https:\/\/bisbalpenedes.com\/web\/wp-json\/wp\/v2\/comments?post=25558"}],"version-history":[{"count":1,"href":"https:\/\/bisbalpenedes.com\/web\/wp-json\/wp\/v2\/posts\/25558\/revisions"}],"predecessor-version":[{"id":25560,"href":"https:\/\/bisbalpenedes.com\/web\/wp-json\/wp\/v2\/posts\/25558\/revisions\/25560"}],"wp:featuredmedia":[{"embeddable":true,"href":"https:\/\/bisbalpenedes.com\/web\/wp-json\/wp\/v2\/media\/25559"}],"wp:attachment":[{"href":"https:\/\/bisbalpenedes.com\/web\/wp-json\/wp\/v2\/media?parent=25558"}],"wp:term":[{"taxonomy":"category","embeddable":true,"href":"https:\/\/bisbalpenedes.com\/web\/wp-json\/wp\/v2\/categories?post=25558"},{"taxonomy":"post_tag","embeddable":true,"href":"https:\/\/bisbalpenedes.com\/web\/wp-json\/wp\/v2\/tags?post=25558"}],"curies":[{"name":"wp","href":"https:\/\/api.w.org\/{rel}","templated":true}]}}