{"id":25543,"date":"2023-04-12T08:03:10","date_gmt":"2023-04-12T06:03:10","guid":{"rendered":"https:\/\/bisbalpenedes.com\/web\/?p=25543"},"modified":"2023-04-12T08:03:10","modified_gmt":"2023-04-12T06:03:10","slug":"aquest-dilluns-10-dabril-lermita-de-santa-cristina-ha-acollit-el-tradicional-aplec-del-dilluns-de-pasqua","status":"publish","type":"post","link":"https:\/\/bisbalpenedes.com\/web\/2023\/04\/12\/aquest-dilluns-10-dabril-lermita-de-santa-cristina-ha-acollit-el-tradicional-aplec-del-dilluns-de-pasqua\/","title":{"rendered":"Aquest dilluns 10 d&#8217;abril l&#8217;ermita de Santa Cristina ha acollit el tradicional aplec del Dilluns de Pasqua"},"content":{"rendered":"\n<p>Aquest dilluns 10 d\u2019abril, Dilluns de Pasqua, s\u2019ha celebrat l\u2019Aplec de Santa Cristina. Un any m\u00e9s, una bona colla de ve\u00efns de la Bisbal i d\u2019alguns municipis de la contornada s\u2019han afegit a aquesta trobada, que enguany ha comptat amb una paella popular organitzada per Senderistes Bisbalencs i un dinar amb carmanyola organitzat pel grup de joves Els Esventats.&nbsp;<\/p>\n\n\n\n<p>Els Senderistes Bisbalencs han dut a terme la seva habitual caminada fins a l\u2019ermita de Santa Cristina, la Coral Antistina ha cantat la missa -oficiada per Mn. Font- i les caramelles, s\u2019han ballat sardanes -en aquesta ocasi\u00f3 amb la Cobla Cosset\u00e0nia- i, per acabar, hi ha hagut un concert de gralles amb el grup Toc de Bacus.<\/p>\n\n\n\n<p>Des de l\u2019Ajuntament de la Bisbal del Pened\u00e8s volem agrair la col\u00b7laboraci\u00f3 de l\u2019ADF Clot de Bou per haver portat aigua per a la cisterna del lavabo i per la seva pres\u00e8ncia i les tasques de prevenci\u00f3 a l\u2019aplec; a la junta de l\u2019ermita de Santa Cristina, que va netejar l\u2019ermita i preparar la il\u00b7luminaci\u00f3; a la Coral Antistina per obsequiar-nos amb les seves veus; a Senderistes Bisbalencs per organitzar la caminada, el servei de bar i el dinar; i als Esventats, per la iniciativa de fer un dinar de carmanyola a l\u2019ermita i afegir-se aix\u00ed a la trobada.<\/p>\n\n\n\n<hr class=\"wp-block-separator has-alpha-channel-opacity\"\/>\n\n\n\n<p>Este lunes 10 de abril, Lunes de Pascua, se ha celebrado el Aplec de Santa Cristina. Un a\u00f1o m\u00e1s, un buen grupo de vecinos de la Bisbal y de algunos municipios de los alrededores se han a\u00f1adido a este encuentro, que este a\u00f1o ha contado con una paella popular organizada por Senderistes Bisbalencs y una comida con fiambrera organizada por el grupo de j\u00f3venes Els Esventats.&nbsp;<\/p>\n\n\n\n<p>Senderistes Bisbalencs han llevado a cabo su habitual caminata hasta la ermita de Santa Cristina, la Coral Antistiana ha cantado la misa -oficiada por Mn. Font- y las \u201ccaramelles\u201d, se han bailado sardanas -en esta ocasi\u00f3n con la Cobla Cosset\u00e0nia- y, para finalizar, ha habido un concierto de grallas con el grupo Toc de Bacus.<\/p>\n\n\n\n<p>Desde el Ayuntamiento de la Bisbal del Pened\u00e8s queremos agradecer la colaboraci\u00f3n de la ADF Clot de Bou por haber llevado agua para la cisterna del lavabo y por su presencia y los trabajos de prevenci\u00f3n en el \u2018aplec\u2019; a la junta de la ermita de Santa Cristina, que limpi\u00f3 la ermita y prepar\u00f3 la iluminaci\u00f3n; a la Coral Antistiana por obsequiarnos con sus voces; a Senderistes Bisbalencs por organizar la caminata, el servicio de bar y la comida; y a Els Esventats, por la iniciativa de hacer una comida con fiambrera en la ermita y a\u00f1adirse as\u00ed al encuentro.<\/p>\n\n\n\n<figure class=\"wp-block-image size-large\"><img loading=\"lazy\" width=\"1024\" height=\"1024\" src=\"https:\/\/bisbalpenedes.com\/web\/wp-content\/uploads\/2023\/04\/1-1-1024x1024.png\" alt=\"\" class=\"wp-image-25547\" srcset=\"https:\/\/bisbalpenedes.com\/web\/wp-content\/uploads\/2023\/04\/1-1-1024x1024.png 1024w, https:\/\/bisbalpenedes.com\/web\/wp-content\/uploads\/2023\/04\/1-1-300x300.png 300w, https:\/\/bisbalpenedes.com\/web\/wp-content\/uploads\/2023\/04\/1-1-150x150.png 150w, https:\/\/bisbalpenedes.com\/web\/wp-content\/uploads\/2023\/04\/1-1-768x768.png 768w, https:\/\/bisbalpenedes.com\/web\/wp-content\/uploads\/2023\/04\/1-1-600x600.png 600w, https:\/\/bisbalpenedes.com\/web\/wp-content\/uploads\/2023\/04\/1-1-100x100.png 100w, https:\/\/bisbalpenedes.com\/web\/wp-content\/uploads\/2023\/04\/1-1.png 1080w\" sizes=\"(max-width: 1024px) 100vw, 1024px\" \/><\/figure>\n\n\n\n<figure class=\"wp-block-image size-large\"><img loading=\"lazy\" width=\"1024\" height=\"1024\" src=\"https:\/\/bisbalpenedes.com\/web\/wp-content\/uploads\/2023\/04\/2-1-1024x1024.png\" alt=\"\" class=\"wp-image-25548\" srcset=\"https:\/\/bisbalpenedes.com\/web\/wp-content\/uploads\/2023\/04\/2-1-1024x1024.png 1024w, https:\/\/bisbalpenedes.com\/web\/wp-content\/uploads\/2023\/04\/2-1-300x300.png 300w, https:\/\/bisbalpenedes.com\/web\/wp-content\/uploads\/2023\/04\/2-1-150x150.png 150w, https:\/\/bisbalpenedes.com\/web\/wp-content\/uploads\/2023\/04\/2-1-768x768.png 768w, https:\/\/bisbalpenedes.com\/web\/wp-content\/uploads\/2023\/04\/2-1-600x600.png 600w, https:\/\/bisbalpenedes.com\/web\/wp-content\/uploads\/2023\/04\/2-1-100x100.png 100w, https:\/\/bisbalpenedes.com\/web\/wp-content\/uploads\/2023\/04\/2-1.png 1080w\" sizes=\"(max-width: 1024px) 100vw, 1024px\" \/><\/figure>\n\n\n\n<figure class=\"wp-block-image size-large\"><img loading=\"lazy\" width=\"1024\" height=\"1024\" src=\"https:\/\/bisbalpenedes.com\/web\/wp-content\/uploads\/2023\/04\/3-1024x1024.png\" alt=\"\" class=\"wp-image-25549\" srcset=\"https:\/\/bisbalpenedes.com\/web\/wp-content\/uploads\/2023\/04\/3-1024x1024.png 1024w, https:\/\/bisbalpenedes.com\/web\/wp-content\/uploads\/2023\/04\/3-300x300.png 300w, https:\/\/bisbalpenedes.com\/web\/wp-content\/uploads\/2023\/04\/3-150x150.png 150w, https:\/\/bisbalpenedes.com\/web\/wp-content\/uploads\/2023\/04\/3-768x768.png 768w, https:\/\/bisbalpenedes.com\/web\/wp-content\/uploads\/2023\/04\/3-600x600.png 600w, https:\/\/bisbalpenedes.com\/web\/wp-content\/uploads\/2023\/04\/3-100x100.png 100w, https:\/\/bisbalpenedes.com\/web\/wp-content\/uploads\/2023\/04\/3.png 1080w\" sizes=\"(max-width: 1024px) 100vw, 1024px\" \/><\/figure>\n","protected":false},"excerpt":{"rendered":"<p>Aquest dilluns 10 d\u2019abril, Dilluns de Pasqua, s\u2019ha celebrat l\u2019Aplec de Santa Cristina. Un any m\u00e9s, una bona colla de ve\u00efns de la Bisbal i d\u2019alguns municipis de la contornada &hellip; <a href=\"https:\/\/bisbalpenedes.com\/web\/2023\/04\/12\/aquest-dilluns-10-dabril-lermita-de-santa-cristina-ha-acollit-el-tradicional-aplec-del-dilluns-de-pasqua\/\" class=\"more-link\">Read More<\/a><\/p>\n","protected":false},"author":4,"featured_media":25550,"comment_status":"closed","ping_status":"closed","sticky":false,"template":"","format":"standard","meta":[],"categories":[20,8],"tags":[5215,3705,2944,393,623],"_links":{"self":[{"href":"https:\/\/bisbalpenedes.com\/web\/wp-json\/wp\/v2\/posts\/25543"}],"collection":[{"href":"https:\/\/bisbalpenedes.com\/web\/wp-json\/wp\/v2\/posts"}],"about":[{"href":"https:\/\/bisbalpenedes.com\/web\/wp-json\/wp\/v2\/types\/post"}],"author":[{"embeddable":true,"href":"https:\/\/bisbalpenedes.com\/web\/wp-json\/wp\/v2\/users\/4"}],"replies":[{"embeddable":true,"href":"https:\/\/bisbalpenedes.com\/web\/wp-json\/wp\/v2\/comments?post=25543"}],"version-history":[{"count":1,"href":"https:\/\/bisbalpenedes.com\/web\/wp-json\/wp\/v2\/posts\/25543\/revisions"}],"predecessor-version":[{"id":25551,"href":"https:\/\/bisbalpenedes.com\/web\/wp-json\/wp\/v2\/posts\/25543\/revisions\/25551"}],"wp:featuredmedia":[{"embeddable":true,"href":"https:\/\/bisbalpenedes.com\/web\/wp-json\/wp\/v2\/media\/25550"}],"wp:attachment":[{"href":"https:\/\/bisbalpenedes.com\/web\/wp-json\/wp\/v2\/media?parent=25543"}],"wp:term":[{"taxonomy":"category","embeddable":true,"href":"https:\/\/bisbalpenedes.com\/web\/wp-json\/wp\/v2\/categories?post=25543"},{"taxonomy":"post_tag","embeddable":true,"href":"https:\/\/bisbalpenedes.com\/web\/wp-json\/wp\/v2\/tags?post=25543"}],"curies":[{"name":"wp","href":"https:\/\/api.w.org\/{rel}","templated":true}]}}