{"id":25539,"date":"2023-04-12T07:15:02","date_gmt":"2023-04-12T05:15:02","guid":{"rendered":"https:\/\/bisbalpenedes.com\/web\/?p=25539"},"modified":"2023-04-12T07:15:02","modified_gmt":"2023-04-12T05:15:02","slug":"saprova-el-pagament-de-la-quota-de-lany-2023-de-la-federacio-de-municipis-de-catalunya-fmc","status":"publish","type":"post","link":"https:\/\/bisbalpenedes.com\/web\/2023\/04\/12\/saprova-el-pagament-de-la-quota-de-lany-2023-de-la-federacio-de-municipis-de-catalunya-fmc\/","title":{"rendered":"S&#8217;aprova el pagament de la quota de l&#8217;any 2023 de la Federaci\u00f3 de Municipis de Catalunya (FMC)"},"content":{"rendered":"\n<p>La Junta de Govern local de l\u201911 d\u2019abril ha aprovat el pagament de la quota 2023 de la Federaci\u00f3 de Municipis de Catalunya (FMC) que ascendeix a 667,16\u20ac.<\/p>\n\n\n\n<p>La Federaci\u00f3 de Municipis de Catalunya \u00e9s una entitat plural formada per municipis i altres ens locals de Catalunya, constitu\u00efda per a la defensa i la promoci\u00f3 de l&#8217;autonomia local. Est\u00e0 integrada a la Federaci\u00f3 Espanyola de Municipis i Prov\u00edncies (FEMP) i participa, en el marc de l&#8217;acci\u00f3 municipalista internacional, en l&#8217;organitzaci\u00f3 Ciutats i Governs Locals Units (CGLU) que \u00e9s l&#8217;entitat municipalista de car\u00e0cter internacional m\u00e9s representativa.<\/p>\n\n\n\n<hr class=\"wp-block-separator has-alpha-channel-opacity\"\/>\n\n\n\n<p>La Junta de Gobierno local del 11 de abril ha aprobado el pago de la cuota 2023 de la Federaci\u00f3 de Municipis de Catalunya (FMC) que asciende a 667,16\u20ac.<\/p>\n\n\n\n<p>La Federaci\u00f3 de Municipis de Catalunya es una entidad plural formada por municipios y otros entes locales de Catalu\u00f1a, constituida para la defensa y la promoci\u00f3n de la autonom\u00eda local. Est\u00e1 integrada en la Federaci\u00f3n Espa\u00f1ola de Municipios y Provincias (FEMP) y participa, en el marco de la acci\u00f3n municipalista internacional, en la organizaci\u00f3n de Ciudades y Gobiernos Locales Unidos (CGLU) que es la entidad municipalista de car\u00e1cter internacional m\u00e1s representativa.<\/p>\n","protected":false},"excerpt":{"rendered":"<p>La Junta de Govern local de l\u201911 d\u2019abril ha aprovat el pagament de la quota 2023 de la Federaci\u00f3 de Municipis de Catalunya (FMC) que ascendeix a 667,16\u20ac. La Federaci\u00f3 &hellip; <a href=\"https:\/\/bisbalpenedes.com\/web\/2023\/04\/12\/saprova-el-pagament-de-la-quota-de-lany-2023-de-la-federacio-de-municipis-de-catalunya-fmc\/\" class=\"more-link\">Read More<\/a><\/p>\n","protected":false},"author":4,"featured_media":25540,"comment_status":"closed","ping_status":"closed","sticky":false,"template":"","format":"standard","meta":[],"categories":[3085,8],"tags":[3571,3570,686,393,3561],"_links":{"self":[{"href":"https:\/\/bisbalpenedes.com\/web\/wp-json\/wp\/v2\/posts\/25539"}],"collection":[{"href":"https:\/\/bisbalpenedes.com\/web\/wp-json\/wp\/v2\/posts"}],"about":[{"href":"https:\/\/bisbalpenedes.com\/web\/wp-json\/wp\/v2\/types\/post"}],"author":[{"embeddable":true,"href":"https:\/\/bisbalpenedes.com\/web\/wp-json\/wp\/v2\/users\/4"}],"replies":[{"embeddable":true,"href":"https:\/\/bisbalpenedes.com\/web\/wp-json\/wp\/v2\/comments?post=25539"}],"version-history":[{"count":1,"href":"https:\/\/bisbalpenedes.com\/web\/wp-json\/wp\/v2\/posts\/25539\/revisions"}],"predecessor-version":[{"id":25541,"href":"https:\/\/bisbalpenedes.com\/web\/wp-json\/wp\/v2\/posts\/25539\/revisions\/25541"}],"wp:featuredmedia":[{"embeddable":true,"href":"https:\/\/bisbalpenedes.com\/web\/wp-json\/wp\/v2\/media\/25540"}],"wp:attachment":[{"href":"https:\/\/bisbalpenedes.com\/web\/wp-json\/wp\/v2\/media?parent=25539"}],"wp:term":[{"taxonomy":"category","embeddable":true,"href":"https:\/\/bisbalpenedes.com\/web\/wp-json\/wp\/v2\/categories?post=25539"},{"taxonomy":"post_tag","embeddable":true,"href":"https:\/\/bisbalpenedes.com\/web\/wp-json\/wp\/v2\/tags?post=25539"}],"curies":[{"name":"wp","href":"https:\/\/api.w.org\/{rel}","templated":true}]}}