{"id":25535,"date":"2023-04-12T06:59:36","date_gmt":"2023-04-12T04:59:36","guid":{"rendered":"https:\/\/bisbalpenedes.com\/web\/?p=25535"},"modified":"2023-04-12T07:02:04","modified_gmt":"2023-04-12T05:02:04","slug":"saprova-el-pagament-de-la-quota-de-lany-2023-de-lassociacio-de-municipis-catalans-per-a-la-recollida-porta-a-porta","status":"publish","type":"post","link":"https:\/\/bisbalpenedes.com\/web\/2023\/04\/12\/saprova-el-pagament-de-la-quota-de-lany-2023-de-lassociacio-de-municipis-catalans-per-a-la-recollida-porta-a-porta\/","title":{"rendered":"<strong>S&#8217;aprova el pagament de la quota de l&#8217;any 2023 de l&#8217;Associaci\u00f3 de Municipis Catalans per a la recollida porta a porta<\/strong>"},"content":{"rendered":"\n<p>La Junta de Govern local de l\u201911 d\u2019abril ha aprovat el pagament de la quota 2023 de l\u2019Associaci\u00f3 de Municipis Catalans per a la recollida porta a porta. Aquesta quota ascendeix a 242,63\u20ac i la finalitat d\u2019aquesta adhesi\u00f3 \u00e9s comptar amb informaci\u00f3 actualitzada sobre els serveis, les experi\u00e8ncies, les normatives i, en definitiva, tot\u00a0 que envolta el model de recollida selectiva porta a porta, que en l\u2019actualitat \u00e9s el que est\u00e0 instaurat al nucli de la Bisbal del Pened\u00e8s.<\/p>\n\n\n\n<hr class=\"wp-block-separator has-alpha-channel-opacity\"\/>\n\n\n\n<p>La Junta de Gobierno local del 11 de abril ha aprobado el pago de la cuota 2023 de la Associaci\u00f3 de Municipis Catalans para la recogida puerta a puerta. Esta cuota asciende a 242,63\u20ac y la finalidad de esta adhesi\u00f3n es contar con informaci\u00f3n actualizada sobre los servicios, las experiencias, las normativas y, en definitiva, todo lo que rodea al modelo de recogida selectiva puerta a puerta, que en la actualidad es el que est\u00e1 instaurado en el n\u00facleo de la Bisbal del Pened\u00e8s.<\/p>\n\n\n\n<p><\/p>\n","protected":false},"excerpt":{"rendered":"<p>La Junta de Govern local de l\u201911 d\u2019abril ha aprovat el pagament de la quota 2023 de l\u2019Associaci\u00f3 de Municipis Catalans per a la recollida porta a porta. Aquesta quota &hellip; <a href=\"https:\/\/bisbalpenedes.com\/web\/2023\/04\/12\/saprova-el-pagament-de-la-quota-de-lany-2023-de-lassociacio-de-municipis-catalans-per-a-la-recollida-porta-a-porta\/\" class=\"more-link\">Read More<\/a><\/p>\n","protected":false},"author":4,"featured_media":21255,"comment_status":"closed","ping_status":"closed","sticky":false,"template":"","format":"standard","meta":[],"categories":[3215,8],"tags":[4335,459,393,1374],"_links":{"self":[{"href":"https:\/\/bisbalpenedes.com\/web\/wp-json\/wp\/v2\/posts\/25535"}],"collection":[{"href":"https:\/\/bisbalpenedes.com\/web\/wp-json\/wp\/v2\/posts"}],"about":[{"href":"https:\/\/bisbalpenedes.com\/web\/wp-json\/wp\/v2\/types\/post"}],"author":[{"embeddable":true,"href":"https:\/\/bisbalpenedes.com\/web\/wp-json\/wp\/v2\/users\/4"}],"replies":[{"embeddable":true,"href":"https:\/\/bisbalpenedes.com\/web\/wp-json\/wp\/v2\/comments?post=25535"}],"version-history":[{"count":2,"href":"https:\/\/bisbalpenedes.com\/web\/wp-json\/wp\/v2\/posts\/25535\/revisions"}],"predecessor-version":[{"id":25537,"href":"https:\/\/bisbalpenedes.com\/web\/wp-json\/wp\/v2\/posts\/25535\/revisions\/25537"}],"wp:featuredmedia":[{"embeddable":true,"href":"https:\/\/bisbalpenedes.com\/web\/wp-json\/wp\/v2\/media\/21255"}],"wp:attachment":[{"href":"https:\/\/bisbalpenedes.com\/web\/wp-json\/wp\/v2\/media?parent=25535"}],"wp:term":[{"taxonomy":"category","embeddable":true,"href":"https:\/\/bisbalpenedes.com\/web\/wp-json\/wp\/v2\/categories?post=25535"},{"taxonomy":"post_tag","embeddable":true,"href":"https:\/\/bisbalpenedes.com\/web\/wp-json\/wp\/v2\/tags?post=25535"}],"curies":[{"name":"wp","href":"https:\/\/api.w.org\/{rel}","templated":true}]}}