{"id":25532,"date":"2023-04-12T06:46:27","date_gmt":"2023-04-12T04:46:27","guid":{"rendered":"https:\/\/bisbalpenedes.com\/web\/?p=25532"},"modified":"2023-04-12T06:46:27","modified_gmt":"2023-04-12T04:46:27","slug":"saprova-la-justificacio-i-el-segon-pagament-del-conveni-2022-amb-ladf-clot-de-bou","status":"publish","type":"post","link":"https:\/\/bisbalpenedes.com\/web\/2023\/04\/12\/saprova-la-justificacio-i-el-segon-pagament-del-conveni-2022-amb-ladf-clot-de-bou\/","title":{"rendered":"<strong>S&#8217;aprova la justificaci\u00f3 i el segon pagament del conveni 2022 amb l&#8217;ADF Clot de Bou<\/strong>"},"content":{"rendered":"\n<p>La Junta de Govern de l&#8217;11 d&#8217;abril ha aprovat la justificaci\u00f3 del conveni de 5.000\u20ac de l&#8217;any 2022 amb l&#8217;ADF Clot de Bou i ha aprovat el segon i \u00faltim pagament de 500\u20ac.<\/p>\n\n\n\n<p>El juliol de 2022 es va aprovar un conveni de 5.000\u20ac amb l&#8217;ADF Clot de Bou per a l&#8217;any 2022 i es va fer el primer pagament per un import de 5.000\u20ac. Es tracta d&#8217;un conveni per fer tasques de prevenci\u00f3 d&#8217;incendis en aquells actes que organitzi l&#8217;Ajuntament -com ara espectacles pirot\u00e8cnics- i en les actuacions sobre l&#8217;arbrat p\u00fablic i per fer la neteja vi\u00e0ria en casos excepcionals.<\/p>\n\n\n\n<hr class=\"wp-block-separator has-alpha-channel-opacity\"\/>\n\n\n\n<p>La Junta de Gobierno del 11 de abril ha aprobado la justificaci\u00f3n del convenio de 5.000\u20ac del a\u00f1o 2022 con la ADF Clot de Bou y ha aprobado el segundo y \u00faltimo pago de 500\u20ac.<\/p>\n\n\n\n<p>En julio de 2022 se aprob\u00f3 un convenio de 5.000\u20ac con la ADF Clot de Bou para el a\u00f1o 2022 y se hizo el primer pago por un importe de 5.000\u20ac. Se trata de un convenio para realizar tareas de prevenci\u00f3n de incendios en aquellos actos que organice el Ayuntamiento -como por ejemplo espect\u00e1culos pirot\u00e9cnicos- y en las actuaciones sobre el arbolado p\u00fablico y para hacer la limpieza vial en casos excepcionales.<\/p>\n","protected":false},"excerpt":{"rendered":"<p>La Junta de Govern de l&#8217;11 d&#8217;abril ha aprovat la justificaci\u00f3 del conveni de 5.000\u20ac de l&#8217;any 2022 amb l&#8217;ADF Clot de Bou i ha aprovat el segon i \u00faltim &hellip; <a href=\"https:\/\/bisbalpenedes.com\/web\/2023\/04\/12\/saprova-la-justificacio-i-el-segon-pagament-del-conveni-2022-amb-ladf-clot-de-bou\/\" class=\"more-link\">Read More<\/a><\/p>\n","protected":false},"author":4,"featured_media":20660,"comment_status":"closed","ping_status":"closed","sticky":false,"template":"","format":"standard","meta":[],"categories":[20,32,8],"tags":[440,5950,393,846],"_links":{"self":[{"href":"https:\/\/bisbalpenedes.com\/web\/wp-json\/wp\/v2\/posts\/25532"}],"collection":[{"href":"https:\/\/bisbalpenedes.com\/web\/wp-json\/wp\/v2\/posts"}],"about":[{"href":"https:\/\/bisbalpenedes.com\/web\/wp-json\/wp\/v2\/types\/post"}],"author":[{"embeddable":true,"href":"https:\/\/bisbalpenedes.com\/web\/wp-json\/wp\/v2\/users\/4"}],"replies":[{"embeddable":true,"href":"https:\/\/bisbalpenedes.com\/web\/wp-json\/wp\/v2\/comments?post=25532"}],"version-history":[{"count":1,"href":"https:\/\/bisbalpenedes.com\/web\/wp-json\/wp\/v2\/posts\/25532\/revisions"}],"predecessor-version":[{"id":25533,"href":"https:\/\/bisbalpenedes.com\/web\/wp-json\/wp\/v2\/posts\/25532\/revisions\/25533"}],"wp:featuredmedia":[{"embeddable":true,"href":"https:\/\/bisbalpenedes.com\/web\/wp-json\/wp\/v2\/media\/20660"}],"wp:attachment":[{"href":"https:\/\/bisbalpenedes.com\/web\/wp-json\/wp\/v2\/media?parent=25532"}],"wp:term":[{"taxonomy":"category","embeddable":true,"href":"https:\/\/bisbalpenedes.com\/web\/wp-json\/wp\/v2\/categories?post=25532"},{"taxonomy":"post_tag","embeddable":true,"href":"https:\/\/bisbalpenedes.com\/web\/wp-json\/wp\/v2\/tags?post=25532"}],"curies":[{"name":"wp","href":"https:\/\/api.w.org\/{rel}","templated":true}]}}