{"id":25520,"date":"2023-04-12T06:00:00","date_gmt":"2023-04-12T04:00:00","guid":{"rendered":"https:\/\/bisbalpenedes.com\/web\/?p=25520"},"modified":"2023-04-11T18:19:43","modified_gmt":"2023-04-11T16:19:43","slug":"lequip-del-dni-tornara-a-traslladar-se-a-la-bisbal-del-penedes-el-dilluns-22-de-maig-al-mati-per-fer-renovacions","status":"publish","type":"post","link":"https:\/\/bisbalpenedes.com\/web\/2023\/04\/12\/lequip-del-dni-tornara-a-traslladar-se-a-la-bisbal-del-penedes-el-dilluns-22-de-maig-al-mati-per-fer-renovacions\/","title":{"rendered":"L&#8217;equip del DNI tornar\u00e0 a traslladar-se a la Bisbal del Pened\u00e8s el dilluns 22 de maig al mat\u00ed per fer renovacions"},"content":{"rendered":"\n<p>Els interessats en renovar-vos-el o b\u00e9 fer la primera expedici\u00f3 a menors, ja us podeu inscriure personalment a les oficines municipals o trucant per tel\u00e8fon de l\u2019Ajuntament 977688438.<\/p>\n\n\n\n<p>Una vegada apuntats, l\u2019Ajuntament contactar\u00e0 amb vosaltres per confirmar-vos el dia i l\u2019hora que us correspon per a la vostra renovaci\u00f3 o expedici\u00f3.<\/p>\n\n\n\n<p>Per renovar el vostre DNI en qualsevol altra data us recordem que teniu disponible l&#8217;oficina del Vendrell, ubicada al Cam\u00ed Reial, 15.<\/p>\n\n\n\n<hr class=\"wp-block-separator has-alpha-channel-opacity\"\/>\n\n\n\n<p><strong>UN EQUIPO DEL DNI SE VOLVER\u00c1 A TRASLADAR A LA BISBAL DEL PENED\u00c8S EL LUNES 22 DE MAYO POR LA MA\u00d1ANA PARA HACER RENOVACIONES DE DNI<\/strong><\/p>\n\n\n\n<p>Los interesados en renov\u00e1roslo o bien hacer la primera expedici\u00f3n a menores, ya pod\u00e9is inscribiros personalmente, en las oficinas municipales, o llamando por tel\u00e9fono al Ayuntamiento 977688438.<\/p>\n\n\n\n<p>Una vez apuntados, el Ayuntamiento contactar\u00e1 con vosotros para confirmaros el d\u00eda y la hora que os corresponde para vuestra renovaci\u00f3n o expedici\u00f3n.<\/p>\n\n\n\n<p>Para renovar vuestro DNI en cualquier otra fecha os recordamos que ten\u00e9is disponible la oficina del Vendrell, ubicada en el Cam\u00ed Reial, 15.<\/p>\n","protected":false},"excerpt":{"rendered":"<p>Els interessats en renovar-vos-el o b\u00e9 fer la primera expedici\u00f3 a menors, ja us podeu inscriure personalment a les oficines municipals o trucant per tel\u00e8fon de l\u2019Ajuntament 977688438. Una vegada &hellip; <a href=\"https:\/\/bisbalpenedes.com\/web\/2023\/04\/12\/lequip-del-dni-tornara-a-traslladar-se-a-la-bisbal-del-penedes-el-dilluns-22-de-maig-al-mati-per-fer-renovacions\/\" class=\"more-link\">Read More<\/a><\/p>\n","protected":false},"author":4,"featured_media":25521,"comment_status":"closed","ping_status":"closed","sticky":false,"template":"","format":"standard","meta":[],"categories":[2402,1628,8],"tags":[2334,191,2504,5949,393,1170],"_links":{"self":[{"href":"https:\/\/bisbalpenedes.com\/web\/wp-json\/wp\/v2\/posts\/25520"}],"collection":[{"href":"https:\/\/bisbalpenedes.com\/web\/wp-json\/wp\/v2\/posts"}],"about":[{"href":"https:\/\/bisbalpenedes.com\/web\/wp-json\/wp\/v2\/types\/post"}],"author":[{"embeddable":true,"href":"https:\/\/bisbalpenedes.com\/web\/wp-json\/wp\/v2\/users\/4"}],"replies":[{"embeddable":true,"href":"https:\/\/bisbalpenedes.com\/web\/wp-json\/wp\/v2\/comments?post=25520"}],"version-history":[{"count":1,"href":"https:\/\/bisbalpenedes.com\/web\/wp-json\/wp\/v2\/posts\/25520\/revisions"}],"predecessor-version":[{"id":25522,"href":"https:\/\/bisbalpenedes.com\/web\/wp-json\/wp\/v2\/posts\/25520\/revisions\/25522"}],"wp:featuredmedia":[{"embeddable":true,"href":"https:\/\/bisbalpenedes.com\/web\/wp-json\/wp\/v2\/media\/25521"}],"wp:attachment":[{"href":"https:\/\/bisbalpenedes.com\/web\/wp-json\/wp\/v2\/media?parent=25520"}],"wp:term":[{"taxonomy":"category","embeddable":true,"href":"https:\/\/bisbalpenedes.com\/web\/wp-json\/wp\/v2\/categories?post=25520"},{"taxonomy":"post_tag","embeddable":true,"href":"https:\/\/bisbalpenedes.com\/web\/wp-json\/wp\/v2\/tags?post=25520"}],"curies":[{"name":"wp","href":"https:\/\/api.w.org\/{rel}","templated":true}]}}