{"id":25513,"date":"2023-04-11T18:03:25","date_gmt":"2023-04-11T16:03:25","guid":{"rendered":"https:\/\/bisbalpenedes.com\/web\/?p=25513"},"modified":"2023-04-11T18:03:25","modified_gmt":"2023-04-11T16:03:25","slug":"aquest-dijous-13-dabril-el-consultori-medic-estara-tancat-de-12h-a-14h","status":"publish","type":"post","link":"https:\/\/bisbalpenedes.com\/web\/2023\/04\/11\/aquest-dijous-13-dabril-el-consultori-medic-estara-tancat-de-12h-a-14h\/","title":{"rendered":"Aquest dijous 13 d&#8217;abril el consultori m\u00e8dic estar\u00e0 tancat de 12h a 14h"},"content":{"rendered":"\n<p>La Xarxa Santa Tecla ens ha informat que el dijous vinent hi haur\u00e0 canvis en l&#8217;horari del consultori m\u00e8dic de La Bisbal del Pened\u00e8s: de 12 a 14h estar\u00e0 tancat.&nbsp;<\/p>\n\n\n\n<hr class=\"wp-block-separator has-alpha-channel-opacity\"\/>\n\n\n\n<p>La Xarxa Santa Tecla nos ha informado de que el pr\u00f3ximo jueves habr\u00e1 cambios en el horario del consultorio m\u00e9dico de La Bisbal del Pened\u00e8s: de 12h a 14h estar\u00e1 cerrado.<\/p>\n\n\n\n<figure class=\"wp-block-image size-large\"><img loading=\"lazy\" width=\"1024\" height=\"576\" src=\"https:\/\/bisbalpenedes.com\/web\/wp-content\/uploads\/2023\/04\/2-1024x576.png\" alt=\"\" class=\"wp-image-25515\" srcset=\"https:\/\/bisbalpenedes.com\/web\/wp-content\/uploads\/2023\/04\/2-1024x576.png 1024w, https:\/\/bisbalpenedes.com\/web\/wp-content\/uploads\/2023\/04\/2-300x169.png 300w, https:\/\/bisbalpenedes.com\/web\/wp-content\/uploads\/2023\/04\/2-768x432.png 768w, https:\/\/bisbalpenedes.com\/web\/wp-content\/uploads\/2023\/04\/2-1536x864.png 1536w, https:\/\/bisbalpenedes.com\/web\/wp-content\/uploads\/2023\/04\/2-600x338.png 600w, https:\/\/bisbalpenedes.com\/web\/wp-content\/uploads\/2023\/04\/2.png 1600w\" sizes=\"(max-width: 1024px) 100vw, 1024px\" \/><\/figure>\n","protected":false},"excerpt":{"rendered":"<p>La Xarxa Santa Tecla ens ha informat que el dijous vinent hi haur\u00e0 canvis en l&#8217;horari del consultori m\u00e8dic de La Bisbal del Pened\u00e8s: de 12 a 14h estar\u00e0 tancat.&nbsp; &hellip; <a href=\"https:\/\/bisbalpenedes.com\/web\/2023\/04\/11\/aquest-dijous-13-dabril-el-consultori-medic-estara-tancat-de-12h-a-14h\/\" class=\"more-link\">Read More<\/a><\/p>\n","protected":false},"author":4,"featured_media":25514,"comment_status":"closed","ping_status":"closed","sticky":false,"template":"","format":"standard","meta":[],"categories":[8,14],"tags":[2701,784,393,28],"_links":{"self":[{"href":"https:\/\/bisbalpenedes.com\/web\/wp-json\/wp\/v2\/posts\/25513"}],"collection":[{"href":"https:\/\/bisbalpenedes.com\/web\/wp-json\/wp\/v2\/posts"}],"about":[{"href":"https:\/\/bisbalpenedes.com\/web\/wp-json\/wp\/v2\/types\/post"}],"author":[{"embeddable":true,"href":"https:\/\/bisbalpenedes.com\/web\/wp-json\/wp\/v2\/users\/4"}],"replies":[{"embeddable":true,"href":"https:\/\/bisbalpenedes.com\/web\/wp-json\/wp\/v2\/comments?post=25513"}],"version-history":[{"count":1,"href":"https:\/\/bisbalpenedes.com\/web\/wp-json\/wp\/v2\/posts\/25513\/revisions"}],"predecessor-version":[{"id":25516,"href":"https:\/\/bisbalpenedes.com\/web\/wp-json\/wp\/v2\/posts\/25513\/revisions\/25516"}],"wp:featuredmedia":[{"embeddable":true,"href":"https:\/\/bisbalpenedes.com\/web\/wp-json\/wp\/v2\/media\/25514"}],"wp:attachment":[{"href":"https:\/\/bisbalpenedes.com\/web\/wp-json\/wp\/v2\/media?parent=25513"}],"wp:term":[{"taxonomy":"category","embeddable":true,"href":"https:\/\/bisbalpenedes.com\/web\/wp-json\/wp\/v2\/categories?post=25513"},{"taxonomy":"post_tag","embeddable":true,"href":"https:\/\/bisbalpenedes.com\/web\/wp-json\/wp\/v2\/tags?post=25513"}],"curies":[{"name":"wp","href":"https:\/\/api.w.org\/{rel}","templated":true}]}}