{"id":25507,"date":"2023-04-11T14:15:49","date_gmt":"2023-04-11T12:15:49","guid":{"rendered":"https:\/\/bisbalpenedes.com\/web\/?p=25507"},"modified":"2023-04-11T14:15:49","modified_gmt":"2023-04-11T12:15:49","slug":"concert-de-la-coral-polifonica-joan-toldra-diumenge-16-dabril-al-cmc","status":"publish","type":"post","link":"https:\/\/bisbalpenedes.com\/web\/2023\/04\/11\/concert-de-la-coral-polifonica-joan-toldra-diumenge-16-dabril-al-cmc\/","title":{"rendered":"Concert de la Coral Polif\u00f2nica Joan Toldr\u00e0: diumenge 16 d&#8217;abril al CMC"},"content":{"rendered":"\n<p>La Coral Polif\u00f2nica Joan Toldr\u00e0 ha organitzat un concert a la Bisbal amb la col\u00b7laboraci\u00f3 de l&#8217;Ajuntament. Es far\u00e0 el diumenge 16 d&#8217;abril, a les 18:30h, al CMC. L&#8217;entrada \u00e9s gratu\u00efta, per\u00f2 si voleu podreu fer donacions volunt\u00e0ries per a la coral.<\/p>\n\n\n\n<hr class=\"wp-block-separator has-alpha-channel-opacity\"\/>\n\n\n\n<p>CASTELLANO | La Coral Polif\u00f2nica Joan Toldr\u00e0 ha organizado un concierto en la Bisbal con la colaboraci\u00f3n del Ayuntamiento. Se har\u00e1 el domingo 16 de abril, a las 18:30h, en el CMC. La entrada es gratuita, pero si quer\u00e9is podr\u00e9is hacer donaciones voluntarias para el coro.<\/p>\n","protected":false},"excerpt":{"rendered":"<p>La Coral Polif\u00f2nica Joan Toldr\u00e0 ha organitzat un concert a la Bisbal amb la col\u00b7laboraci\u00f3 de l&#8217;Ajuntament. Es far\u00e0 el diumenge 16 d&#8217;abril, a les 18:30h, al CMC. L&#8217;entrada \u00e9s &hellip; <a href=\"https:\/\/bisbalpenedes.com\/web\/2023\/04\/11\/concert-de-la-coral-polifonica-joan-toldra-diumenge-16-dabril-al-cmc\/\" class=\"more-link\">Read More<\/a><\/p>\n","protected":false},"author":4,"featured_media":25508,"comment_status":"closed","ping_status":"closed","sticky":false,"template":"","format":"standard","meta":[],"categories":[2942,13,8],"tags":[459,73,225,5948,393],"_links":{"self":[{"href":"https:\/\/bisbalpenedes.com\/web\/wp-json\/wp\/v2\/posts\/25507"}],"collection":[{"href":"https:\/\/bisbalpenedes.com\/web\/wp-json\/wp\/v2\/posts"}],"about":[{"href":"https:\/\/bisbalpenedes.com\/web\/wp-json\/wp\/v2\/types\/post"}],"author":[{"embeddable":true,"href":"https:\/\/bisbalpenedes.com\/web\/wp-json\/wp\/v2\/users\/4"}],"replies":[{"embeddable":true,"href":"https:\/\/bisbalpenedes.com\/web\/wp-json\/wp\/v2\/comments?post=25507"}],"version-history":[{"count":1,"href":"https:\/\/bisbalpenedes.com\/web\/wp-json\/wp\/v2\/posts\/25507\/revisions"}],"predecessor-version":[{"id":25509,"href":"https:\/\/bisbalpenedes.com\/web\/wp-json\/wp\/v2\/posts\/25507\/revisions\/25509"}],"wp:featuredmedia":[{"embeddable":true,"href":"https:\/\/bisbalpenedes.com\/web\/wp-json\/wp\/v2\/media\/25508"}],"wp:attachment":[{"href":"https:\/\/bisbalpenedes.com\/web\/wp-json\/wp\/v2\/media?parent=25507"}],"wp:term":[{"taxonomy":"category","embeddable":true,"href":"https:\/\/bisbalpenedes.com\/web\/wp-json\/wp\/v2\/categories?post=25507"},{"taxonomy":"post_tag","embeddable":true,"href":"https:\/\/bisbalpenedes.com\/web\/wp-json\/wp\/v2\/tags?post=25507"}],"curies":[{"name":"wp","href":"https:\/\/api.w.org\/{rel}","templated":true}]}}