{"id":25504,"date":"2023-04-11T13:43:40","date_gmt":"2023-04-11T11:43:40","guid":{"rendered":"https:\/\/bisbalpenedes.com\/web\/?p=25504"},"modified":"2023-04-11T13:43:40","modified_gmt":"2023-04-11T11:43:40","slug":"aquest-dimecres-12-dabril-el-sistema-dalertes-de-proteccio-civil-fara-una-prova-i-possiblement-rebeu-missatges-al-telefon-mobil","status":"publish","type":"post","link":"https:\/\/bisbalpenedes.com\/web\/2023\/04\/11\/aquest-dimecres-12-dabril-el-sistema-dalertes-de-proteccio-civil-fara-una-prova-i-possiblement-rebeu-missatges-al-telefon-mobil\/","title":{"rendered":"Aquest dimecres 12 d&#8217;abril el sistema d&#8217;alertes de Protecci\u00f3 Civil far\u00e0 una prova i possiblement rebeu missatges al tel\u00e8fon m\u00f2bil"},"content":{"rendered":"\n<p>Aquest dimecres 12 d&#8217;abril el sistema d&#8217;alertes de Protecci\u00f3 Civil far\u00e0 una prova simult\u00e0nia a les Terres de l&#8217;Ebre, Tarragona i el Pened\u00e8s per a tel\u00e8fons m\u00f2bils.<\/p>\n\n\n\n<p>En general, sempre que s&#8217;envi\u00efn els missatges, contindran el text &#8220;Alerta de Protecci\u00f3 Civil&#8221; i informaci\u00f3 sobre el tipus d&#8217;emerg\u00e8ncia, la zona concreta d&#8217;afectaci\u00f3 i les recomanacions a la poblaci\u00f3, aix\u00ed com l&#8217;\u00f2rgan que emet l&#8217;alerta (Protecci\u00f3 Civil de la Generalitat de Catalunya &#8211; CECAT).<\/p>\n\n\n\n<p>El mateix dia de la prova podreu emplenar una enquesta per comunicar si heu rebut el missatge, en quin idioma i a trav\u00e9s de quina operadora. Les dades seran an\u00f2nimes i serviran per comprovar que la prova ha arribat al m\u00e0xim de m\u00f2bils possible. L&#8217;enquesta no estar\u00e0 disponible fins dem\u00e0 (al moment de la prova) i l&#8217;enlla\u00e7 on la trobareu \u00e9s el seg\u00fcent: <a href=\"https:\/\/arcg.is\/1mS58z0\">https:\/\/arcg.is\/1mS58z0<\/a><\/p>\n\n\n\n<p>Hi ha m\u00f2bils que tenen activada per defecte la recepci\u00f3 de missatges d&#8217;av\u00eds d&#8217;emerg\u00e8ncia. Altres no. Aqu\u00ed teniu un document amb la informaci\u00f3 sobre com descarregar les alertes: <a href=\"https:\/\/interior.gencat.cat\/web\/.content\/home\/030_arees_dactuacio\/proteccio_civil\/avisos-poblacio\/documents\/tutorial_configuracio_mobils_DEF.pdf\">https:\/\/interior.gencat.cat\/web\/.content\/home\/030_arees_dactuacio\/proteccio_civil\/avisos-poblacio\/documents\/tutorial_configuracio_mobils_DEF.pdf<\/a><\/p>\n\n\n\n<p><a href=\"https:\/\/interior.gencat.cat\/ca\/arees_dactuacio\/proteccio_civil\/cecat\/vols-rebre-alertes-protecciocivil\/#:~:text=Preguntes%20freq%C3%BCents%20sobre%20les%20alertes%20de%20protecci%C3%B3%20civil%20al%20m%C3%B2bil\">Preguntes freq\u00fcents: <\/a>&nbsp;<a href=\"https:\/\/interior.gencat.cat\/web\/.content\/home\/030_arees_dactuacio\/proteccio_civil\/avisos-poblacio\/documents\/FAQs-alertes-PC-telefons-mobils-v5.pdf\">https:\/\/interior.gencat.cat\/web\/.content\/home\/030_arees_dactuacio\/proteccio_civil\/avisos-poblacio\/documents\/FAQs-alertes-PC-telefons-mobils-v5.pdf<\/a><\/p>\n\n\n\n<hr class=\"wp-block-separator has-alpha-channel-opacity\"\/>\n\n\n\n<p><strong>CASTELLANO | <\/strong>Este mi\u00e9rcoles 12 de abril el sistema de alertas de Protecci\u00f3n Civil har\u00e1 una prueba simult\u00e1nea en Terres de l&#8217;Ebre, Tarragona y Pened\u00e8s para tel\u00e9fonos m\u00f3viles.<\/p>\n\n\n\n<p>En general, siempre que se env\u00eden mensajes, contendr\u00e1n el texto &#8220;Alerta de Protecci\u00f3n Civil&#8221; e informaci\u00f3n sobre el tipo de emergencia, la zona concreta de afectaci\u00f3n y las recomendaciones a la poblaci\u00f3n, as\u00ed como el \u00f3rgano que emite la alerta (Protecci\u00f3n Civil de la Generalitat de Catalunya &#8211; CECAT).<\/p>\n\n\n\n<p>El mismo d\u00eda de la prueba podr\u00e9is rellenar una encuesta para comunicar si hab\u00e9is recibido el mensaje, en qu\u00e9 idioma y a trav\u00e9s de qu\u00e9 operadora. Los datos ser\u00e1n an\u00f3nimos y servir\u00e1n para comprobar que la prueba haya llegado al m\u00e1ximo de m\u00f3viles posible. La encuesta no estar\u00e1 disponible hasta ma\u00f1ana (en el momento de la realizaci\u00f3n de la prueba) y el enlace en el que la encontrar\u00e9is es el siguiente: <a href=\"https:\/\/arcg.is\/1mS58z0\">https:\/\/arcg.is\/1mS58z0<\/a><\/p>\n\n\n\n<p>Hay m\u00f3viles que tienen activada por defecto la recepci\u00f3n de mensajes de aviso de emergencia. Otros no. Aqu\u00ed ten\u00e9is un documento con la informaci\u00f3n sobre c\u00f3mo descargar las alertas: <a href=\"https:\/\/interior.gencat.cat\/web\/.content\/home\/030_arees_dactuacio\/proteccio_civil\/avisos-poblacio\/documents\/tutorial_configuracio_mobils_DEF.pdf\">https:\/\/interior.gencat.cat\/web\/.content\/home\/030_arees_dactuacio\/proteccio_civil\/avisos-poblacio\/documents\/tutorial_configuracio_mobils_DEF.pdf<\/a><\/p>\n\n\n\n<p>Preguntas frecuentes: <a href=\"https:\/\/interior.gencat.cat\/web\/.content\/home\/030_arees_dactuacio\/proteccio_civil\/avisos-poblacio\/documents\/FAQs-alertes-PC-telefons-mobils-v5.pdf\">https:\/\/interior.gencat.cat\/web\/.content\/home\/030_arees_dactuacio\/proteccio_civil\/avisos-poblacio\/documents\/FAQs-alertes-PC-telefons-mobils-v5.pdf<\/a><\/p>\n","protected":false},"excerpt":{"rendered":"<p>Aquest dimecres 12 d&#8217;abril el sistema d&#8217;alertes de Protecci\u00f3 Civil far\u00e0 una prova simult\u00e0nia a les Terres de l&#8217;Ebre, Tarragona i el Pened\u00e8s per a tel\u00e8fons m\u00f2bils. En general, sempre &hellip; <a href=\"https:\/\/bisbalpenedes.com\/web\/2023\/04\/11\/aquest-dimecres-12-dabril-el-sistema-dalertes-de-proteccio-civil-fara-una-prova-i-possiblement-rebeu-missatges-al-telefon-mobil\/\" class=\"more-link\">Read More<\/a><\/p>\n","protected":false},"author":4,"featured_media":25505,"comment_status":"closed","ping_status":"closed","sticky":false,"template":"","format":"standard","meta":[],"categories":[8],"tags":[459,393,5947,1374,1190,2676],"_links":{"self":[{"href":"https:\/\/bisbalpenedes.com\/web\/wp-json\/wp\/v2\/posts\/25504"}],"collection":[{"href":"https:\/\/bisbalpenedes.com\/web\/wp-json\/wp\/v2\/posts"}],"about":[{"href":"https:\/\/bisbalpenedes.com\/web\/wp-json\/wp\/v2\/types\/post"}],"author":[{"embeddable":true,"href":"https:\/\/bisbalpenedes.com\/web\/wp-json\/wp\/v2\/users\/4"}],"replies":[{"embeddable":true,"href":"https:\/\/bisbalpenedes.com\/web\/wp-json\/wp\/v2\/comments?post=25504"}],"version-history":[{"count":1,"href":"https:\/\/bisbalpenedes.com\/web\/wp-json\/wp\/v2\/posts\/25504\/revisions"}],"predecessor-version":[{"id":25506,"href":"https:\/\/bisbalpenedes.com\/web\/wp-json\/wp\/v2\/posts\/25504\/revisions\/25506"}],"wp:featuredmedia":[{"embeddable":true,"href":"https:\/\/bisbalpenedes.com\/web\/wp-json\/wp\/v2\/media\/25505"}],"wp:attachment":[{"href":"https:\/\/bisbalpenedes.com\/web\/wp-json\/wp\/v2\/media?parent=25504"}],"wp:term":[{"taxonomy":"category","embeddable":true,"href":"https:\/\/bisbalpenedes.com\/web\/wp-json\/wp\/v2\/categories?post=25504"},{"taxonomy":"post_tag","embeddable":true,"href":"https:\/\/bisbalpenedes.com\/web\/wp-json\/wp\/v2\/tags?post=25504"}],"curies":[{"name":"wp","href":"https:\/\/api.w.org\/{rel}","templated":true}]}}