{"id":25493,"date":"2023-04-06T10:16:40","date_gmt":"2023-04-06T08:16:40","guid":{"rendered":"https:\/\/bisbalpenedes.com\/web\/?p=25493"},"modified":"2023-04-06T10:17:16","modified_gmt":"2023-04-06T08:17:16","slug":"horari-de-la-biblioteca-al-mes-dabril","status":"publish","type":"post","link":"https:\/\/bisbalpenedes.com\/web\/2023\/04\/06\/horari-de-la-biblioteca-al-mes-dabril\/","title":{"rendered":"Horari de la Biblioteca al mes d&#8217;abril"},"content":{"rendered":"\n<pre class=\"wp-block-preformatted\">Aquest mes d'abril hi ha diversos actes festius que faran alterar una mica l'horari d'obertura de la biblioteca, per aix\u00f2 us deixem aqu\u00ed el recordatori de quan la trobareu oberta.<\/pre>\n\n\n\n<p>Este mes de abril hay varios actos festivos que har\u00e1n alterar un poco el horario de apertura de la biblioteca, por eso os dejamos aqu\u00ed el recordatorio de cuando la encontrar\u00e9is abierta.<\/p>\n\n\n\n<figure class=\"wp-block-image size-large\"><img loading=\"lazy\" width=\"1024\" height=\"576\" src=\"https:\/\/bisbalpenedes.com\/web\/wp-content\/uploads\/2023\/04\/Modificacio\u0301-horari-abril-2023-1024x576.png\" alt=\"\" class=\"wp-image-25494\" srcset=\"https:\/\/bisbalpenedes.com\/web\/wp-content\/uploads\/2023\/04\/Modificacio\u0301-horari-abril-2023-1024x576.png 1024w, https:\/\/bisbalpenedes.com\/web\/wp-content\/uploads\/2023\/04\/Modificacio\u0301-horari-abril-2023-300x169.png 300w, https:\/\/bisbalpenedes.com\/web\/wp-content\/uploads\/2023\/04\/Modificacio\u0301-horari-abril-2023-768x432.png 768w, https:\/\/bisbalpenedes.com\/web\/wp-content\/uploads\/2023\/04\/Modificacio\u0301-horari-abril-2023-1536x864.png 1536w, https:\/\/bisbalpenedes.com\/web\/wp-content\/uploads\/2023\/04\/Modificacio\u0301-horari-abril-2023-600x338.png 600w, https:\/\/bisbalpenedes.com\/web\/wp-content\/uploads\/2023\/04\/Modificacio\u0301-horari-abril-2023.png 1920w\" sizes=\"(max-width: 1024px) 100vw, 1024px\" \/><\/figure>\n\n\n\n<pre class=\"wp-block-preformatted\">Us recordem que l'horari d'obertura i atenci\u00f3 al p\u00fablic de la biblioteca la resta de l'any \u00e9s el seg\u00fcent:<\/pre>\n\n\n\n<p>Os recordamos que el horario de apertura y atenci\u00f3n al p\u00fablico de la biblioteca el resto del a\u00f1o es el siguiente:<\/p>\n\n\n\n<figure class=\"wp-block-table\"><table><tbody><tr><td><strong>Horaris d\u2019atenci\u00f3 de la Biblioteca p\u00fablica<\/strong><\/td><\/tr><tr><td><strong>Horari d\u2019hivern&nbsp;\u2013 De l\u20191 de setembre al 15 de juny<\/strong><\/td><\/tr><tr><td>De dilluns a divendres<\/td><td>De 16.30h a 20.30h<\/td><\/tr><tr><td>Dimecres<\/td><td>De 10.30h a 14.00h<\/td><\/tr><tr><td><strong>Horari d\u2019estiu&nbsp;\u2013 Del 16 de juny al 31 d\u2019agost<\/strong><\/td><\/tr><tr><td>De dilluns a divendres<\/td><td>De 16.30h a 20.30h<\/td><\/tr><\/tbody><\/table><\/figure>\n","protected":false},"excerpt":{"rendered":"<p>Aquest mes d&#8217;abril hi ha diversos actes festius que faran alterar una mica l&#8217;horari d&#8217;obertura de la biblioteca, per aix\u00f2 us deixem aqu\u00ed el recordatori de quan la trobareu oberta. &hellip; <a href=\"https:\/\/bisbalpenedes.com\/web\/2023\/04\/06\/horari-de-la-biblioteca-al-mes-dabril\/\" class=\"more-link\">Read More<\/a><\/p>\n","protected":false},"author":4,"featured_media":25495,"comment_status":"closed","ping_status":"closed","sticky":false,"template":"","format":"standard","meta":[],"categories":[2478,8],"tags":[459,180,393],"_links":{"self":[{"href":"https:\/\/bisbalpenedes.com\/web\/wp-json\/wp\/v2\/posts\/25493"}],"collection":[{"href":"https:\/\/bisbalpenedes.com\/web\/wp-json\/wp\/v2\/posts"}],"about":[{"href":"https:\/\/bisbalpenedes.com\/web\/wp-json\/wp\/v2\/types\/post"}],"author":[{"embeddable":true,"href":"https:\/\/bisbalpenedes.com\/web\/wp-json\/wp\/v2\/users\/4"}],"replies":[{"embeddable":true,"href":"https:\/\/bisbalpenedes.com\/web\/wp-json\/wp\/v2\/comments?post=25493"}],"version-history":[{"count":2,"href":"https:\/\/bisbalpenedes.com\/web\/wp-json\/wp\/v2\/posts\/25493\/revisions"}],"predecessor-version":[{"id":25497,"href":"https:\/\/bisbalpenedes.com\/web\/wp-json\/wp\/v2\/posts\/25493\/revisions\/25497"}],"wp:featuredmedia":[{"embeddable":true,"href":"https:\/\/bisbalpenedes.com\/web\/wp-json\/wp\/v2\/media\/25495"}],"wp:attachment":[{"href":"https:\/\/bisbalpenedes.com\/web\/wp-json\/wp\/v2\/media?parent=25493"}],"wp:term":[{"taxonomy":"category","embeddable":true,"href":"https:\/\/bisbalpenedes.com\/web\/wp-json\/wp\/v2\/categories?post=25493"},{"taxonomy":"post_tag","embeddable":true,"href":"https:\/\/bisbalpenedes.com\/web\/wp-json\/wp\/v2\/tags?post=25493"}],"curies":[{"name":"wp","href":"https:\/\/api.w.org\/{rel}","templated":true}]}}