{"id":25481,"date":"2023-04-03T20:52:18","date_gmt":"2023-04-03T18:52:18","guid":{"rendered":"https:\/\/bisbalpenedes.com\/web\/?p=25481"},"modified":"2023-04-03T20:52:18","modified_gmt":"2023-04-03T18:52:18","slug":"saprova-la-renovacio-del-conveni-per-al-servei-de-bus-urba-i-es-prepara-un-nou-conveni-amb-servei-de-bus-a-les-tardes-i-altres-novetats","status":"publish","type":"post","link":"https:\/\/bisbalpenedes.com\/web\/2023\/04\/03\/saprova-la-renovacio-del-conveni-per-al-servei-de-bus-urba-i-es-prepara-un-nou-conveni-amb-servei-de-bus-a-les-tardes-i-altres-novetats\/","title":{"rendered":"<strong>S\u2019aprova la renovaci\u00f3 del Conveni per al servei de bus urb\u00e0 i es prepara un nou conveni amb servei de bus a les tardes i altres novetats<\/strong>"},"content":{"rendered":"\n<p>El Ple del dilluns 3 d\u2019abril ha aprovat renovar el Conveni amb el Departament de Territori i Sostenibilitat i l\u2019Autoritat Territorial de la Mobilitat del Camp de Tarragona i l\u2019empresa Autocars \u00cdzaro S.A. per al servei de bus urb\u00e0.<\/p>\n\n\n\n<p>El 30 d\u2019abril de 2021, el Ple va aprovar el conveni de col\u00b7laboraci\u00f3 amb el Departament de Territori i Sostenibilitat, l\u2019Autoritat Territorial de la Mobilitat del Camp de Tarragona i l\u2019empresa Autocars \u00cdzaro, S.A. Aquest conveni era per millorar i ampliar el servei de bus urb\u00e0 i comarcal per dos anys, fins a l\u2019abril de 2023, i el cost anual del conveni era de 112.702,51\u20ac. En aquests moments, l\u2019equip de govern est\u00e0 treballant amb \u00cdzaro per millorar encara m\u00e9s el servei a partir del setembre, oferint m\u00e9s parades i nous viatges, ja que el servei de bus urb\u00e0 ha donat servei a un total de 12.640 usuaris durant el 2022, una xifra que suposa un increment d\u2019un 149% de viatgers respecte a l\u2019any anterior, el 2021. Una xifra que, segons l\u2019alcaldessa de la Bisbal del Pened\u00e8s, Agn\u00e8s Ferr\u00e9, <em>\u201c\u00e9s una xifra r\u00e8cord d\u2019en\u00e7\u00e0 que hi ha servei de bus a la Bisbal del Pened\u00e8s\u201d.<\/em><\/p>\n\n\n\n<p><strong>MILLORA DEL CONVENI ACTUAL<\/strong><\/p>\n\n\n\n<p>L\u2019equip de govern aposta per millorar el conveni actual que, recordem que ara ja inclou m\u00e9s viatges entre urbanitzacions i nucli que fa dos anys, nova parada a l\u2019Ortig\u00f3s, m\u00e9s viatges d\u2019anada i tornada del nucli al Vendrell (a la capital de comarca hi ha les parades de les Mates, l\u2019Hospital i l\u2019estaci\u00f3 de busos de l\u2019avda. Jaume Carner) i nous viatges d\u2019anada i tornada entre les urbanitzacions i el Vendrell. A partir de l\u20191 de setembre vol incorporar:<\/p>\n\n\n\n<ul><li><strong>M\u00e9s viatges d\u2019anada i tornada entre urbanitzacions i nucli<\/strong> al mat\u00ed i nous viatges a la tarda.<\/li><li><strong>M\u00e9s viatges d\u2019anada i tornada entre urbanitzacions i al Vendrell<\/strong> al mat\u00ed i nous viatges a la tarda.<\/li><li><strong>Durant l\u2019horari escolar, una l\u00ednia del Montmell a la zona escolar del Vendrell<\/strong>, <strong>que passi per Can Gordei, la Miralba i el nucli,<\/strong> per als alumnes que estudi\u00efn cicles formatius o batxillerat al Vendrell.<\/li><li>Que <strong>la l\u00ednia dels dissabtes que va del nucli al Vendrell<\/strong>, doni servei tamb\u00e9 <strong>a la Miralba i Can Gordei.<\/strong><\/li><\/ul>\n\n\n\n<p>El Ple d\u2019avui dilluns ha aprovat continuar oferint el servei actual a partir del dia 1 de maig -\u00e9s a dir, donar continu\u00eftat al conveni actual amb motiu de la finalitzaci\u00f3 de l\u2019anterior conveni- fins que s\u2019aprovi el nou conveni amb els nous serveis i m\u00e9s viatges, que est\u00e0 previst que es posi en marxa proper setembre. Per tot plegat, s\u2019ha aprovat un conveni que \u00e9s com una pr\u00f2rroga del vigent, per\u00f2 que incorpora una revisi\u00f3 de preus a causa de la pujada del preu del combustible. El conveni aprovat ascendeix a 135.701,57\u20ac anuals.<\/p>\n\n\n\n<p><strong>MODIFICACI\u00d3 DE LES TARIFES DE BUS URB\u00c0<\/strong><\/p>\n\n\n\n<p>El <a href=\"https:\/\/bisbalpenedes.com\/web\/2023\/03\/29\/el-passat-dilluns-20-de-marc-va-tenir-lloc-el-darrer-ple-ordinari-del-mandat\/\" target=\"_blank\" rel=\"noreferrer noopener\">Ple extraordinari del passat 20 de maig<\/a> va aprovar la modificaci\u00f3 de les tarifes del bus urb\u00e0, que no s\u2019havien modificat des del 2008. L\u2019equip de govern ha apostat per abaixar els preus, tenint en compte l\u2019increment exponencial de viatgers durant els dos darrers anys, \u00e9s a dir, des de que es va aprovar el conveni que ara s\u2019ha prorrogat. A m\u00e9s, es va establir la gratu\u00eftat per a les persones amb una discapacitat superior al 33%.<\/p>\n\n\n\n<p>Les tarifes vigents s\u00f3n:<\/p>\n\n\n\n<ul><li>Tiquet senzill d\u2019un viatge: 1\u20ac<\/li><li>Tiquet jubilat d\u2019un viatge: 0,60\u20ac<\/li><li>Abonament de 10 viatges: 8\u20ac (0,80\u20ac el viatge)<\/li><\/ul>\n\n\n\n<p><strong>Amb les noves tarifes els preus quedaran de la seg\u00fcent manera:<\/strong><\/p>\n\n\n\n<ul><li>Tiquet senzill d\u20191 viatge: 1\u20ac<\/li><li>Abonament de 10 viatges: 6\u20ac (0,60\u20ac el viatge)<\/li><li>Abonament de 50 viatges: 25\u20ac (0,50\u20ac el viatge)<\/li><li>Persones amb una discapacitat superior al 33%, gratu\u00eftat del servei de bus urb\u00e0.<\/li><\/ul>\n\n\n\n<p>La regidora de Mobilitat i Ensenyament, Leo Uceda, va explicar que&nbsp;<em>\u201cun dels col\u00b7lectius que sortiran m\u00e9s beneficiats s\u00f3n els estudiants de l\u2019Institut Coster de la Torre, que s\u2019estalviaran 12\u20ac al mes, ja que agafen el bus urb\u00e0 per anar i tornar de l\u2019institut\u201d.<\/em><\/p>\n\n\n\n<p>Les noves tarifes entraran en vigor quan estiguin aprovades definitivament, despr\u00e9s de la seva exposici\u00f3 al p\u00fablic.<\/p>\n\n\n\n<hr class=\"wp-block-separator has-alpha-channel-opacity\"\/>\n\n\n\n<p><strong>CASTELLANO |<\/strong> El Pleno del lunes 3 de abril ha aprobado renovar el Convenio con el Departamento de Territorio y Sostenibilidad y la Autoridad Territorial de la Movilidad del Camp de Tarragona y la empresa Autocars \u00cdzaro S.A. para el servicio de bus urbano.<\/p>\n\n\n\n<p>El 30 de abril de 2021, el Pleno aprob\u00f3 el convenio de colaboraci\u00f3n con el Departamento de Territorio y Sostenibilidad, la Autoridad Territorial de la Movilidad del Camp de Tarragona y la empresa Autocars \u00cdzaro S.A. Este convenio era para mejorar y ampliar el Servicio del bus urbano y comarcal por dos a\u00f1os, hasta el mes de abril de 2023, y el coste anual del convenio era de 112.702,51\u20ac. En estos momentos, el equipo de gobierno est\u00e1 trabajando con \u00cdzaro para mejorar todav\u00eda m\u00e1s el servicio a partir de septiembre, ofreciendo m\u00e1s paradas y nuevos viajes, ya que el servicio de bus urbano ha dado servicio a un total de 12.640 usuarios durante el 2022, una cifra que supone un incremento de un 149% de viajeros respecto al a\u00f1o anterior, el 2021. Una cifra que, seg\u00fan la alcaldesa de la Bisbal del Pened\u00e8s, Agn\u00e8s Ferr\u00e9, \u201ces una cifra r\u00e9cord desde que hay servicio de bus en la Bisbal del Pened\u00e8s\u201d.<\/p>\n\n\n\n<p><strong>MEJORA DEL CONVENIO ACTUAL<\/strong><\/p>\n\n\n\n<p>El equipo de gobierno apuesta por mejorar el convenio actual que, recordamos que ahora ya incluye m\u00e1s viajes entre urbanizaciones y n\u00facleo que hace dos a\u00f1os, nueva parada en el Ortig\u00f3s, m\u00e1s viajes de ida y vuelta al n\u00facleo del Vendrell (a la capital de comarca hay las paradas de Les Mates, el Hospital y la estaci\u00f3n de autobuses de la avda. Jaume Carner) y nuevos viajes de ida y vuelta entre las urbanizaciones y el Vendrell. A partir del 1 de septiembre quiere incorporar:<\/p>\n\n\n\n<ul><li><strong>M\u00e1s viajes de ida y vuelta entre urbanizaciones y n\u00facleo<\/strong> por la ma\u00f1ana y nuevos viajes por la tarde.<\/li><li><strong>M\u00e1s viajes de ida y vuelta entre urbanizaciones y al Vendrell<\/strong> por la ma\u00f1ana y nuevos viajes por la tarde.<\/li><li>Durante el horario escolar, <strong>una l\u00ednea del Montmell a la zona escolar del Vendrell, que pase por Can Gordei, la Miralba y el n\u00facleo,<\/strong> para los alumnos que estudien ciclos formativos o bachillerato en el Vendrell.<\/li><li><strong>Que la l\u00ednea de los s\u00e1bados que va del n\u00facleo<\/strong> <strong>al Vendrell<\/strong> de servicio tambi\u00e9n a la <strong>Miralba y Can Gordei.<\/strong><\/li><\/ul>\n\n\n\n<p>El Pleno de hoy lunes ha aprobado continuar ofreciendo el servicio actual a partir del d\u00eda 1 de mayo -es decir, dar continuidad al convenio actual con motivo de la finalizaci\u00f3n del anterior convenio- hasta que se apruebe el convenio con los nuevos servicios y m\u00e1s, que est\u00e1 previsto que se ponga en marcha el pr\u00f3ximo septiembre. Por todo ello, se ha aprobado un convenio que es como una pr\u00f3rroga del vigente, pero que incorpora una revisi\u00f3n de precios a causa de la subida del precio del combustible. El convenio aprobado asciende a 135.701,57\u20ac anuales.<\/p>\n\n\n\n<p><strong>MODIFICACI\u00d3N DE LAS TARIFAS DEL BUS URBANO<\/strong><\/p>\n\n\n\n<p>El Pleno extraordinario del pasado 20 de mayo aprob\u00f3 la modificaci\u00f3n de las tarifas del bus urbano, que no se hab\u00edan modificado desde el 2008. El equipo de gobierno ha apostado por bajar los precios, teniendo en cuenta el incremento exponencial de viajeros durante los dos \u00faltimos a\u00f1os, es decir, desde que se aprob\u00f3 el convenio que ahora se ha prorrogado. Adem\u00e1s, se estableci\u00f3 la gratuidad para las personas con una discapacidad superior al 33%.<\/p>\n\n\n\n<p><strong>Las tarifas vigentes son:<\/strong><\/p>\n\n\n\n<ul><li>Tique sencillo de un viaje: 1\u20ac<\/li><li>Tique jubilado de un viaje: 0,60\u20ac<\/li><li>Bono de 10 viajes: 8\u20ac (0,80\u20ac el viaje)<\/li><\/ul>\n\n\n\n<p><strong>Con las nuevas tarifas los precios quedar\u00e1n de la siguiente manera:<\/strong><\/p>\n\n\n\n<ul><li>Tique sencillo de un viaje: 1\u20ac<\/li><li>Bono de 10 viajes: 6\u20ac (0,60\u20ac el viaje)<\/li><li>Bono de 50 viajes: 25\u20ac (0,50\u20ac el viaje)<\/li><li>Personas con discapacidad superior al 33%: gratuidad del servicio de bus urbano<\/li><\/ul>\n\n\n\n<p>La concejala de Movilidad y Educaci\u00f3n, Leo Uceda, explic\u00f3 que&nbsp;<em>\u201cuno de los colectivos que saldr\u00e1n m\u00e1s beneficiados son los estudiantes del Instituto Coster de la Torre, que se ahorrar\u00e1n 12\u20ac al mes, ya que cogen el bus urbano para ir y volver del instituto\u201d.<\/em><\/p>\n\n\n\n<p>Las nuevas tarifas entrar\u00e1n en vigor cuando est\u00e9n aprobadas definitivamente, despu\u00e9s de su exposici\u00f3n al p\u00fablico.<\/p>\n","protected":false},"excerpt":{"rendered":"<p>El Ple del dilluns 3 d\u2019abril ha aprovat renovar el Conveni amb el Departament de Territori i Sostenibilitat i l\u2019Autoritat Territorial de la Mobilitat del Camp de Tarragona i l\u2019empresa &hellip; <a href=\"https:\/\/bisbalpenedes.com\/web\/2023\/04\/03\/saprova-la-renovacio-del-conveni-per-al-servei-de-bus-urba-i-es-prepara-un-nou-conveni-amb-servei-de-bus-a-les-tardes-i-altres-novetats\/\" class=\"more-link\">Read More<\/a><\/p>\n","protected":false},"author":4,"featured_media":19175,"comment_status":"closed","ping_status":"closed","sticky":false,"template":"","format":"standard","meta":[],"categories":[3859,8],"tags":[4981,5941],"_links":{"self":[{"href":"https:\/\/bisbalpenedes.com\/web\/wp-json\/wp\/v2\/posts\/25481"}],"collection":[{"href":"https:\/\/bisbalpenedes.com\/web\/wp-json\/wp\/v2\/posts"}],"about":[{"href":"https:\/\/bisbalpenedes.com\/web\/wp-json\/wp\/v2\/types\/post"}],"author":[{"embeddable":true,"href":"https:\/\/bisbalpenedes.com\/web\/wp-json\/wp\/v2\/users\/4"}],"replies":[{"embeddable":true,"href":"https:\/\/bisbalpenedes.com\/web\/wp-json\/wp\/v2\/comments?post=25481"}],"version-history":[{"count":2,"href":"https:\/\/bisbalpenedes.com\/web\/wp-json\/wp\/v2\/posts\/25481\/revisions"}],"predecessor-version":[{"id":25483,"href":"https:\/\/bisbalpenedes.com\/web\/wp-json\/wp\/v2\/posts\/25481\/revisions\/25483"}],"wp:featuredmedia":[{"embeddable":true,"href":"https:\/\/bisbalpenedes.com\/web\/wp-json\/wp\/v2\/media\/19175"}],"wp:attachment":[{"href":"https:\/\/bisbalpenedes.com\/web\/wp-json\/wp\/v2\/media?parent=25481"}],"wp:term":[{"taxonomy":"category","embeddable":true,"href":"https:\/\/bisbalpenedes.com\/web\/wp-json\/wp\/v2\/categories?post=25481"},{"taxonomy":"post_tag","embeddable":true,"href":"https:\/\/bisbalpenedes.com\/web\/wp-json\/wp\/v2\/tags?post=25481"}],"curies":[{"name":"wp","href":"https:\/\/api.w.org\/{rel}","templated":true}]}}