{"id":25479,"date":"2023-04-03T20:45:11","date_gmt":"2023-04-03T18:45:11","guid":{"rendered":"https:\/\/bisbalpenedes.com\/web\/?p=25479"},"modified":"2023-04-03T20:49:40","modified_gmt":"2023-04-03T18:49:40","slug":"saprova-inicialment-la-modificacio-puntual-de-les-nnss-de-planejament-pel-tracat-de-la-c-51","status":"publish","type":"post","link":"https:\/\/bisbalpenedes.com\/web\/2023\/04\/03\/saprova-inicialment-la-modificacio-puntual-de-les-nnss-de-planejament-pel-tracat-de-la-c-51\/","title":{"rendered":"S\u2019aprova inicialment la modificaci\u00f3 puntual de les NNSS de planejament pel tra\u00e7at de la C-51"},"content":{"rendered":"\n<p>El Ple extraordinari d\u2019aquest dilluns 3 d\u2019abril ha aprovat inicialment la modificaci\u00f3 puntual de les Normes subsidi\u00e0ries de planejament de la Bisbal del Pened\u00e8s, consistents en el canvi de qualificaci\u00f3 urban\u00edstica dels terrenys afectats pel nou tra\u00e7at de la carretera C-51 al seu pas pel terme municipal de la Bisbal del Pened\u00e8s. Aquesta modificaci\u00f3 estar\u00e0 exposada al p\u00fablic durant un mes.<\/p>\n\n\n\n<p>El 2019 va arribar a l\u2019Ajuntament de la Bisbal del Pened\u00e8s la sent\u00e8ncia del TSJC com a resultat del recurs contenci\u00f3s-administratiu de l\u2019any 2021 \u201cper la inactivitat de l\u2019Ajuntament en relaci\u00f3 amb la modificaci\u00f3 del planejament urban\u00edstic municipal i del projecte de reparcel\u00b7laci\u00f3 de la Miralba, tal com dictava la Generalitat\u201d.<\/p>\n\n\n\n<p>L\u2019alcaldessa de la Bisbal del Pened\u00e8s, Agn\u00e8s Ferr\u00e9, ha explicat que <em>\u201cquan es van executar les obres dels serveis de la Miralba, la Generalitat va enviar a l\u2019Ajuntament el projecte de la carretera C-51 dient que l\u2019Ajuntament havia de modificar el projecte de la Miralba amb el nou tra\u00e7at de la C-51. L\u2019equip de govern d\u2019aquell moment no va fer res i la Generalitat va presentar un contenci\u00f3s contra l\u2019Ajuntament\u201d.<\/em><\/p>\n\n\n\n<p>Per donar compliment a la sent\u00e8ncia cal iniciar i tramitar un procediment de modificaci\u00f3 puntual del plantejament urban\u00edstic per adaptar-lo a l\u2019estudi informatiu i d\u2019impacte ambiental del projecte de la C-51 Vendrell-Valls al seu pas per la Miralba. Aquesta modificaci\u00f3 no suposa cap canvi de les obres fetes a la Miralba.<\/p>\n\n\n\n<p>El gener de 2021 la Junta de Govern va aprovar un contracte menor amb l\u2019arquitecte Gerard Miquel Oliv\u00e9 per un import de 16.452,97\u20ac (IVA incl\u00f2s) per a la redacci\u00f3 de la modificaci\u00f3 puntual de les normes subsidi\u00e0ries de planejament, per a la correcci\u00f3 de la classificaci\u00f3 i qualificaci\u00f3 urban\u00edstiques dels terrenys afectats per la C-51.<\/p>\n\n\n\n<p>Per tant, ara s\u2019ha aprovat inicialment la modificaci\u00f3 puntual de les Normes subsidi\u00e0ries de planejament de la Bisbal del Pened\u00e8s, consistents en el canvi de qualificaci\u00f3 urban\u00edstica dels terrenys afectats pel nou tra\u00e7at de la carretera C-51 al seu pas pel terme municipal de la Bisbal del Pened\u00e8s.<\/p>\n\n\n\n<hr class=\"wp-block-separator has-alpha-channel-opacity\"\/>\n\n\n\n<p><strong>CASTELLANO |<\/strong> El Pleno extraordinario de este lunes 3 de abril ha aprobado inicialmente la modificaci\u00f3n puntual de las Normas subsidiarias de planeamiento de la Bisbal del Pened\u00e8s, consistentes en el cambio de calificaci\u00f3n urban\u00edstica de los terrenos afectados por el nuevo trazado de la carretera C-51 a su paso por el t\u00e9rmino municipal de la Bisbal del Pened\u00e8s. Esta modificaci\u00f3n estar\u00e1 expuesta al p\u00fablico durante un mes.<\/p>\n\n\n\n<p>En el 2019 lleg\u00f3 al Ayuntamiento de la Bisbal del Pened\u00e8s la sentencia del TSJC como resultado del recurso contencioso-administrativo del a\u00f1o 2021 \u201cpor la inactividad del Ayuntamiento en relaci\u00f3n con la modificaci\u00f3n del planeamiento urban\u00edstico municipal y del proyecto de reparcelaci\u00f3n de la Miralba, tal como dictaba la Generalitat\u201d.<\/p>\n\n\n\n<p>La alcaldesa de la Bisbal del Pened\u00e8s, Agn\u00e8s Ferr\u00e9, ha explicado que \u201ccuando se ejecutaron las obras de los servicios de la Miralba, la Generalitat envi\u00f3 al Ayuntamiento el proyecto de la carretera C-51 diciendo que el Ayuntamiento ten\u00eda que modificar el proyecto de la Miralba con el nuevo trazado de la c-51. El equipo de gobierno de aquel momento no hizo nada y la Generalitat present\u00f3 un contencioso contra el Ayuntamiento\u201d.<\/p>\n\n\n\n<p>Para dar cumplimiento a la sentencia hay que iniciar y tramitar un procedimiento de modificaci\u00f3n puntual del planeamiento para adaptarlo al estudio informativo y de impacto ambiental del proyecto de la C-51 Vendrell-Valls a su paso por la Miralba. Esta modificaci\u00f3n no supone ning\u00fan cambio de las obras realizadas en la Miralba.<\/p>\n\n\n\n<p>En enero de 2021 la Junta de Gobierno aprob\u00f3 un contrato menor con el arquitecto Gerard Miquel Oliv\u00e9 por un importe de 16.452,97\u20ac (IVA incluido) para la redacci\u00f3n de la modificaci\u00f3n puntual de las normas subsidiarias de planeamiento, para la correcci\u00f3n de la clasificaci\u00f3n y calificaci\u00f3n urban\u00edsticas de los terrenos afectados por la C-51.<\/p>\n\n\n\n<p>Por tanto, ahora se ha aprobado inicialmente la modificaci\u00f3n puntual de las Normas subsidiarias de planeamiento de la Bisbal del Pened\u00e8s, consistentes en el cambio de calificaci\u00f3n urban\u00edstica de los terrenos afectados por el nuevo trazado de la carretera C-51 a su paso por el t\u00e9rmino municipal de la Bisbal del Pened\u00e8s.<\/p>\n","protected":false},"excerpt":{"rendered":"<p>El Ple extraordinari d\u2019aquest dilluns 3 d\u2019abril ha aprovat inicialment la modificaci\u00f3 puntual de les Normes subsidi\u00e0ries de planejament de la Bisbal del Pened\u00e8s, consistents en el canvi de qualificaci\u00f3 &hellip; <a href=\"https:\/\/bisbalpenedes.com\/web\/2023\/04\/03\/saprova-inicialment-la-modificacio-puntual-de-les-nnss-de-planejament-pel-tracat-de-la-c-51\/\" class=\"more-link\">Read More<\/a><\/p>\n","protected":false},"author":4,"featured_media":25486,"comment_status":"closed","ping_status":"closed","sticky":false,"template":"","format":"standard","meta":[],"categories":[4287,3840,8],"tags":[459,299,393,246],"_links":{"self":[{"href":"https:\/\/bisbalpenedes.com\/web\/wp-json\/wp\/v2\/posts\/25479"}],"collection":[{"href":"https:\/\/bisbalpenedes.com\/web\/wp-json\/wp\/v2\/posts"}],"about":[{"href":"https:\/\/bisbalpenedes.com\/web\/wp-json\/wp\/v2\/types\/post"}],"author":[{"embeddable":true,"href":"https:\/\/bisbalpenedes.com\/web\/wp-json\/wp\/v2\/users\/4"}],"replies":[{"embeddable":true,"href":"https:\/\/bisbalpenedes.com\/web\/wp-json\/wp\/v2\/comments?post=25479"}],"version-history":[{"count":2,"href":"https:\/\/bisbalpenedes.com\/web\/wp-json\/wp\/v2\/posts\/25479\/revisions"}],"predecessor-version":[{"id":25485,"href":"https:\/\/bisbalpenedes.com\/web\/wp-json\/wp\/v2\/posts\/25479\/revisions\/25485"}],"wp:featuredmedia":[{"embeddable":true,"href":"https:\/\/bisbalpenedes.com\/web\/wp-json\/wp\/v2\/media\/25486"}],"wp:attachment":[{"href":"https:\/\/bisbalpenedes.com\/web\/wp-json\/wp\/v2\/media?parent=25479"}],"wp:term":[{"taxonomy":"category","embeddable":true,"href":"https:\/\/bisbalpenedes.com\/web\/wp-json\/wp\/v2\/categories?post=25479"},{"taxonomy":"post_tag","embeddable":true,"href":"https:\/\/bisbalpenedes.com\/web\/wp-json\/wp\/v2\/tags?post=25479"}],"curies":[{"name":"wp","href":"https:\/\/api.w.org\/{rel}","templated":true}]}}