{"id":25472,"date":"2023-04-03T11:47:03","date_gmt":"2023-04-03T09:47:03","guid":{"rendered":"https:\/\/bisbalpenedes.com\/web\/?p=25472"},"modified":"2023-04-03T11:47:03","modified_gmt":"2023-04-03T09:47:03","slug":"lajuntament-de-la-bisbal-del-penedes-duplicara-els-recursos-destinats-a-ladf-clot-de-bou-per-a-la-prevencio-dincendis-aquest-2023","status":"publish","type":"post","link":"https:\/\/bisbalpenedes.com\/web\/2023\/04\/03\/lajuntament-de-la-bisbal-del-penedes-duplicara-els-recursos-destinats-a-ladf-clot-de-bou-per-a-la-prevencio-dincendis-aquest-2023\/","title":{"rendered":"<strong>L\u2019Ajuntament de la Bisbal del Pened\u00e8s duplicar\u00e0 els recursos destinats a l\u2019ADF Clot de Bou per a la prevenci\u00f3 d\u2019incendis aquest 2023<\/strong>"},"content":{"rendered":"\n<p>Davant la situaci\u00f3 d\u2019alerta per sequera en qu\u00e8 ens trobem en l\u2019actualitat, l\u2019Ajuntament de la Bisbal del Pened\u00e8s ha ofert a l\u2019ADF Clot de Bou la possibilitat de duplicar l\u2019aportaci\u00f3 anual que fa l\u2019Ajuntament per incrementar les tasques de prevenci\u00f3 d\u2019incendis amb sessions informatives i altres feines.<\/p>\n\n\n\n<p>En una reuni\u00f3 mantinguda el 30 de mar\u00e7 amb l\u2019alcaldessa de la Bisbal del Pened\u00e8s, Agn\u00e8s Ferr\u00e9; i la regidora de Medi Ambient, Leo Uceda; l\u2019entitat va acceptar de bon grat aquesta ampliaci\u00f3 del conveni. Aquests dies l\u2019entitat est\u00e0 preparant el pla d\u2019actuacions per engegar-lo el m\u00e9s aviat possible.<\/p>\n\n\n\n<hr class=\"wp-block-separator has-alpha-channel-opacity\"\/>\n\n\n\n<p><strong>CASTELLANO |<\/strong>\u00a0Ante la situaci\u00f3n de alerta por sequ\u00eda en la que nos encontramos en la actualidad, el Ayuntamiento de la Bisbal del Pened\u00e8s ha ofrecido a la ADF Clot de Bou la posibilidad de doblar la aportaci\u00f3n anual que hace el Ayuntamiento para incrementar los trabajos de prevenci\u00f3n de incendios con sesiones informativas i otras tareas.<\/p>\n\n\n\n<p>En una reuni\u00f3n mantenida el 30 de marzo con la alcaldesa de la Bisbal del Pened\u00e8s, Agn\u00e8s Ferr\u00e9; y la concejala de Medio Ambiente, Leo Uceda; la entidad acept\u00f3 de buen agrado esta ampliaci\u00f3n del convenio. Estos d\u00edas la entidad est\u00e1 preparando el plan de actuaciones para ponerlo en marcha cuanto antes mejor.<\/p>\n","protected":false},"excerpt":{"rendered":"<p>Davant la situaci\u00f3 d\u2019alerta per sequera en qu\u00e8 ens trobem en l\u2019actualitat, l\u2019Ajuntament de la Bisbal del Pened\u00e8s ha ofert a l\u2019ADF Clot de Bou la possibilitat de duplicar l\u2019aportaci\u00f3 &hellip; <a href=\"https:\/\/bisbalpenedes.com\/web\/2023\/04\/03\/lajuntament-de-la-bisbal-del-penedes-duplicara-els-recursos-destinats-a-ladf-clot-de-bou-per-a-la-prevencio-dincendis-aquest-2023\/\" class=\"more-link\">Read More<\/a><\/p>\n","protected":false},"author":4,"featured_media":25473,"comment_status":"closed","ping_status":"closed","sticky":false,"template":"","format":"standard","meta":[],"categories":[32,8],"tags":[1775,5940,459,393,1374],"_links":{"self":[{"href":"https:\/\/bisbalpenedes.com\/web\/wp-json\/wp\/v2\/posts\/25472"}],"collection":[{"href":"https:\/\/bisbalpenedes.com\/web\/wp-json\/wp\/v2\/posts"}],"about":[{"href":"https:\/\/bisbalpenedes.com\/web\/wp-json\/wp\/v2\/types\/post"}],"author":[{"embeddable":true,"href":"https:\/\/bisbalpenedes.com\/web\/wp-json\/wp\/v2\/users\/4"}],"replies":[{"embeddable":true,"href":"https:\/\/bisbalpenedes.com\/web\/wp-json\/wp\/v2\/comments?post=25472"}],"version-history":[{"count":1,"href":"https:\/\/bisbalpenedes.com\/web\/wp-json\/wp\/v2\/posts\/25472\/revisions"}],"predecessor-version":[{"id":25474,"href":"https:\/\/bisbalpenedes.com\/web\/wp-json\/wp\/v2\/posts\/25472\/revisions\/25474"}],"wp:featuredmedia":[{"embeddable":true,"href":"https:\/\/bisbalpenedes.com\/web\/wp-json\/wp\/v2\/media\/25473"}],"wp:attachment":[{"href":"https:\/\/bisbalpenedes.com\/web\/wp-json\/wp\/v2\/media?parent=25472"}],"wp:term":[{"taxonomy":"category","embeddable":true,"href":"https:\/\/bisbalpenedes.com\/web\/wp-json\/wp\/v2\/categories?post=25472"},{"taxonomy":"post_tag","embeddable":true,"href":"https:\/\/bisbalpenedes.com\/web\/wp-json\/wp\/v2\/tags?post=25472"}],"curies":[{"name":"wp","href":"https:\/\/api.w.org\/{rel}","templated":true}]}}