{"id":25462,"date":"2023-03-31T14:19:50","date_gmt":"2023-03-31T12:19:50","guid":{"rendered":"https:\/\/bisbalpenedes.com\/web\/?p=25462"},"modified":"2023-03-31T14:19:50","modified_gmt":"2023-03-31T12:19:50","slug":"el-consell-comarcal-del-baix-penedes-esta-creant-un-espai-de-trobada-per-a-families-de-0-a-3-anys","status":"publish","type":"post","link":"https:\/\/bisbalpenedes.com\/web\/2023\/03\/31\/el-consell-comarcal-del-baix-penedes-esta-creant-un-espai-de-trobada-per-a-families-de-0-a-3-anys\/","title":{"rendered":"El Consell Comarcal del Baix Pened\u00e8s est\u00e0 creant un espai de trobada per a fam\u00edlies de 0 a 3 anys"},"content":{"rendered":"\n<p>Des del SIS Fam\u00edlies (Servei d&#8217;Intervenci\u00f3 Socioeducativa) del Consell Comarcal del Baix Pened\u00e8s volen obrir un espai de trobada permanent per a fam\u00edlies amb infants de 0 a 3 anys. Us adjuntem un cartell amb m\u00e9s informaci\u00f3.<\/p>\n\n\n\n<hr class=\"wp-block-separator has-alpha-channel-opacity\"\/>\n\n\n\n<p>Desde el SIS Fam\u00edlies (Servicio de Intervenci\u00f3n Socioeducativa) del Consell Comarcal del Baix Pened\u00e8s quieren abrir un espacio de encuentro permanente para familias con ni\u00f1os y ni\u00f1as de 0 a 3 a\u00f1os. Os adjuntamos un cartel con m\u00e1s informaci\u00f3n.<\/p>\n\n\n\n<p><\/p>\n","protected":false},"excerpt":{"rendered":"<p>Des del SIS Fam\u00edlies (Servei d&#8217;Intervenci\u00f3 Socioeducativa) del Consell Comarcal del Baix Pened\u00e8s volen obrir un espai de trobada permanent per a fam\u00edlies amb infants de 0 a 3 anys. &hellip; <a href=\"https:\/\/bisbalpenedes.com\/web\/2023\/03\/31\/el-consell-comarcal-del-baix-penedes-esta-creant-un-espai-de-trobada-per-a-families-de-0-a-3-anys\/\" class=\"more-link\">Read More<\/a><\/p>\n","protected":false},"author":4,"featured_media":25463,"comment_status":"closed","ping_status":"closed","sticky":false,"template":"","format":"standard","meta":[],"categories":[2983,8],"tags":[459,5936,393,5937],"_links":{"self":[{"href":"https:\/\/bisbalpenedes.com\/web\/wp-json\/wp\/v2\/posts\/25462"}],"collection":[{"href":"https:\/\/bisbalpenedes.com\/web\/wp-json\/wp\/v2\/posts"}],"about":[{"href":"https:\/\/bisbalpenedes.com\/web\/wp-json\/wp\/v2\/types\/post"}],"author":[{"embeddable":true,"href":"https:\/\/bisbalpenedes.com\/web\/wp-json\/wp\/v2\/users\/4"}],"replies":[{"embeddable":true,"href":"https:\/\/bisbalpenedes.com\/web\/wp-json\/wp\/v2\/comments?post=25462"}],"version-history":[{"count":1,"href":"https:\/\/bisbalpenedes.com\/web\/wp-json\/wp\/v2\/posts\/25462\/revisions"}],"predecessor-version":[{"id":25464,"href":"https:\/\/bisbalpenedes.com\/web\/wp-json\/wp\/v2\/posts\/25462\/revisions\/25464"}],"wp:featuredmedia":[{"embeddable":true,"href":"https:\/\/bisbalpenedes.com\/web\/wp-json\/wp\/v2\/media\/25463"}],"wp:attachment":[{"href":"https:\/\/bisbalpenedes.com\/web\/wp-json\/wp\/v2\/media?parent=25462"}],"wp:term":[{"taxonomy":"category","embeddable":true,"href":"https:\/\/bisbalpenedes.com\/web\/wp-json\/wp\/v2\/categories?post=25462"},{"taxonomy":"post_tag","embeddable":true,"href":"https:\/\/bisbalpenedes.com\/web\/wp-json\/wp\/v2\/tags?post=25462"}],"curies":[{"name":"wp","href":"https:\/\/api.w.org\/{rel}","templated":true}]}}