{"id":25460,"date":"2023-04-02T07:00:00","date_gmt":"2023-04-02T05:00:00","guid":{"rendered":"https:\/\/bisbalpenedes.com\/web\/?p=25460"},"modified":"2023-03-31T14:12:20","modified_gmt":"2023-03-31T12:12:20","slug":"avui-2-dabril-es-el-dia-mundial-de-conscienciacio-sobre-lautisme-i-aquest-vespre-la-casa-de-la-vila-silluminara-de-color-blau","status":"publish","type":"post","link":"https:\/\/bisbalpenedes.com\/web\/2023\/04\/02\/avui-2-dabril-es-el-dia-mundial-de-conscienciacio-sobre-lautisme-i-aquest-vespre-la-casa-de-la-vila-silluminara-de-color-blau\/","title":{"rendered":"Avui 2 d&#8217;abril \u00e9s el Dia Mundial de Conscienciaci\u00f3 sobre l&#8217;Autisme i aquest vespre La Casa de la Vila s&#8217;il\u00b7luminar\u00e0 de color blau"},"content":{"rendered":"\n<p>Avui, diumenge 2 d&#8217;abril, \u00e9s el Dia Mundial de Conscienciaci\u00f3 sobre l\u2019Autisme i l\u2019Ajuntament se suma a aquesta commemoraci\u00f3. Per aquest motiu, aquest vespre la Casa de la Vila s\u2019il\u00b7luminar\u00e0 de color blau.<\/p>\n\n\n\n<p>Per a m\u00e9s informaci\u00f3 sobre l\u2019Autisme podeu accedir al web de l\u2019Associaci\u00f3 Aprenem Autisme: <a href=\"https:\/\/www.associacioaprenem.org\/es\/\" target=\"_blank\" rel=\"noreferrer noopener\">https:\/\/www.associacioaprenem.org\/es\/<\/a><\/p>\n\n\n\n<hr class=\"wp-block-separator has-alpha-channel-opacity\"\/>\n\n\n\n<p>Hoy, domingo 2 de abril, es el D\u00eda Mundial de Concienciaci\u00f3n sobre el Autismo y el Ayuntamiento se suma a esta conmemoraci\u00f3n. Por este motivo, al anochecer, la casa consistorial se iluminar\u00e1 de color azul.<\/p>\n\n\n\n<p>Para m\u00e1s informaci\u00f3n sobre el Autismo pod\u00e9is acceder a la web de la Asociaci\u00f3n Aprenem Autisme: <a href=\"https:\/\/www.associacioaprenem.org\/es\/\" target=\"_blank\" rel=\"noreferrer noopener\">https:\/\/www.associacioaprenem.org\/es\/<\/a><\/p>\n\n\n\n<p><\/p>\n","protected":false},"excerpt":{"rendered":"<p>Avui, diumenge 2 d&#8217;abril, \u00e9s el Dia Mundial de Conscienciaci\u00f3 sobre l\u2019Autisme i l\u2019Ajuntament se suma a aquesta commemoraci\u00f3. Per aquest motiu, aquest vespre la Casa de la Vila s\u2019il\u00b7luminar\u00e0 &hellip; <a href=\"https:\/\/bisbalpenedes.com\/web\/2023\/04\/02\/avui-2-dabril-es-el-dia-mundial-de-conscienciacio-sobre-lautisme-i-aquest-vespre-la-casa-de-la-vila-silluminara-de-color-blau\/\" class=\"more-link\">Read More<\/a><\/p>\n","protected":false},"author":4,"featured_media":21429,"comment_status":"closed","ping_status":"closed","sticky":false,"template":"","format":"standard","meta":[],"categories":[2402,8],"tags":[4431,5548,393],"_links":{"self":[{"href":"https:\/\/bisbalpenedes.com\/web\/wp-json\/wp\/v2\/posts\/25460"}],"collection":[{"href":"https:\/\/bisbalpenedes.com\/web\/wp-json\/wp\/v2\/posts"}],"about":[{"href":"https:\/\/bisbalpenedes.com\/web\/wp-json\/wp\/v2\/types\/post"}],"author":[{"embeddable":true,"href":"https:\/\/bisbalpenedes.com\/web\/wp-json\/wp\/v2\/users\/4"}],"replies":[{"embeddable":true,"href":"https:\/\/bisbalpenedes.com\/web\/wp-json\/wp\/v2\/comments?post=25460"}],"version-history":[{"count":1,"href":"https:\/\/bisbalpenedes.com\/web\/wp-json\/wp\/v2\/posts\/25460\/revisions"}],"predecessor-version":[{"id":25461,"href":"https:\/\/bisbalpenedes.com\/web\/wp-json\/wp\/v2\/posts\/25460\/revisions\/25461"}],"wp:featuredmedia":[{"embeddable":true,"href":"https:\/\/bisbalpenedes.com\/web\/wp-json\/wp\/v2\/media\/21429"}],"wp:attachment":[{"href":"https:\/\/bisbalpenedes.com\/web\/wp-json\/wp\/v2\/media?parent=25460"}],"wp:term":[{"taxonomy":"category","embeddable":true,"href":"https:\/\/bisbalpenedes.com\/web\/wp-json\/wp\/v2\/categories?post=25460"},{"taxonomy":"post_tag","embeddable":true,"href":"https:\/\/bisbalpenedes.com\/web\/wp-json\/wp\/v2\/tags?post=25460"}],"curies":[{"name":"wp","href":"https:\/\/api.w.org\/{rel}","templated":true}]}}