{"id":25457,"date":"2023-03-31T13:59:08","date_gmt":"2023-03-31T11:59:08","guid":{"rendered":"https:\/\/bisbalpenedes.com\/web\/?p=25457"},"modified":"2023-03-31T13:59:08","modified_gmt":"2023-03-31T11:59:08","slug":"alerta-per-sequera","status":"publish","type":"post","link":"https:\/\/bisbalpenedes.com\/web\/2023\/03\/31\/alerta-per-sequera\/","title":{"rendered":"ALERTA per sequera!"},"content":{"rendered":"\n<p>Ens trobem en una situaci\u00f3 excepcional per sequera i estem en situaci\u00f3 d\u2019ALERTA. Alguns municipis propers a la Bisbal ja estan patint restriccions d\u2019aigua. Per aquest motiu, cal que tots siguem conscients de la situaci\u00f3 i que en fem un consum responsable. Us adjuntem un cartell amb les indicacions perqu\u00e8 tots fem un consum responsable.<\/p>\n\n\n\n<p>Podeu accedir al visor de la sequera de l\u2019Ag\u00e8ncia catalana de l\u2019aigua entrant a: <a href=\"https:\/\/aplicacions.aca.gencat.cat\/visseq\/estat-actual\">https:\/\/aplicacions.aca.gencat.cat\/visseq\/estat-actual<\/a>&nbsp;<\/p>\n\n\n\n<hr class=\"wp-block-separator has-alpha-channel-opacity\"\/>\n\n\n\n<p><strong>CASTELLANO |<\/strong> Nos encontramos en una situaci\u00f3n excepcional por sequ\u00eda y estamos en situaci\u00f3n de ALERTA. Algunos municipios cercanos a la Bisbal ya est\u00e1n sufriendo restricciones agua. Por este motivo, es necesario que todos seamos conscientes de la situaci\u00f3n y que hagamos un consumo responsable. Os adjuntamos un cartel con las indicaciones para que todos hagamos un consumo responsable.<\/p>\n\n\n\n<p>Pod\u00e9is acceder al visor de sequ\u00eda de la Agencia Catalana del agua entrando a: <a href=\"https:\/\/aplicacions.aca.gencat.cat\/visseq\/estat-actual\">https:\/\/aplicacions.aca.gencat.cat\/visseq\/estat-actual<\/a>&nbsp;<\/p>\n","protected":false},"excerpt":{"rendered":"<p>Ens trobem en una situaci\u00f3 excepcional per sequera i estem en situaci\u00f3 d\u2019ALERTA. Alguns municipis propers a la Bisbal ja estan patint restriccions d\u2019aigua. Per aquest motiu, cal que tots &hellip; <a href=\"https:\/\/bisbalpenedes.com\/web\/2023\/03\/31\/alerta-per-sequera\/\" class=\"more-link\">Read More<\/a><\/p>\n","protected":false},"author":4,"featured_media":25458,"comment_status":"closed","ping_status":"closed","sticky":false,"template":"","format":"standard","meta":[],"categories":[1628,8],"tags":[5933,5935,3734,393,5934],"_links":{"self":[{"href":"https:\/\/bisbalpenedes.com\/web\/wp-json\/wp\/v2\/posts\/25457"}],"collection":[{"href":"https:\/\/bisbalpenedes.com\/web\/wp-json\/wp\/v2\/posts"}],"about":[{"href":"https:\/\/bisbalpenedes.com\/web\/wp-json\/wp\/v2\/types\/post"}],"author":[{"embeddable":true,"href":"https:\/\/bisbalpenedes.com\/web\/wp-json\/wp\/v2\/users\/4"}],"replies":[{"embeddable":true,"href":"https:\/\/bisbalpenedes.com\/web\/wp-json\/wp\/v2\/comments?post=25457"}],"version-history":[{"count":1,"href":"https:\/\/bisbalpenedes.com\/web\/wp-json\/wp\/v2\/posts\/25457\/revisions"}],"predecessor-version":[{"id":25459,"href":"https:\/\/bisbalpenedes.com\/web\/wp-json\/wp\/v2\/posts\/25457\/revisions\/25459"}],"wp:featuredmedia":[{"embeddable":true,"href":"https:\/\/bisbalpenedes.com\/web\/wp-json\/wp\/v2\/media\/25458"}],"wp:attachment":[{"href":"https:\/\/bisbalpenedes.com\/web\/wp-json\/wp\/v2\/media?parent=25457"}],"wp:term":[{"taxonomy":"category","embeddable":true,"href":"https:\/\/bisbalpenedes.com\/web\/wp-json\/wp\/v2\/categories?post=25457"},{"taxonomy":"post_tag","embeddable":true,"href":"https:\/\/bisbalpenedes.com\/web\/wp-json\/wp\/v2\/tags?post=25457"}],"curies":[{"name":"wp","href":"https:\/\/api.w.org\/{rel}","templated":true}]}}