{"id":25452,"date":"2023-03-31T12:57:53","date_gmt":"2023-03-31T10:57:53","guid":{"rendered":"https:\/\/bisbalpenedes.com\/web\/?p=25452"},"modified":"2023-03-31T12:57:53","modified_gmt":"2023-03-31T10:57:53","slug":"saprova-la-justificacio-i-el-segon-pagament-del-conveni-2022-amb-el-ball-de-diables-de-la-bisbal-del-penedes","status":"publish","type":"post","link":"https:\/\/bisbalpenedes.com\/web\/2023\/03\/31\/saprova-la-justificacio-i-el-segon-pagament-del-conveni-2022-amb-el-ball-de-diables-de-la-bisbal-del-penedes\/","title":{"rendered":"<strong>S\u2019aprova la justificaci\u00f3 i el segon pagament del conveni 2022 amb el Ball de Diables de La Bisbal del Pened\u00e8s<\/strong>"},"content":{"rendered":"\n<p>La Junta de Govern del 27 de mar\u00e7 va aprovar la justificaci\u00f3 del conveni de 15.000\u20ac de l\u2019any 2022, y va aprovar el segon i \u00faltim pagament de 2.000\u20ac.<\/p>\n\n\n\n<p>El juliol de 2022 es va aprovar un conveni de 15.000\u20ac amb el Ball de Diables de la Bisbal del Pened\u00e8s per a l\u2019any 2022 i es va fer el primer pagament de 13.000\u20ac.<\/p>\n\n\n\n<p>El conveni \u00e9s per a la promoci\u00f3 de la cultura i tradici\u00f3 catalana amb les festes de foc al municipi, promovent la conviv\u00e8ncia i cohesi\u00f3 social.<\/p>\n\n\n\n<hr class=\"wp-block-separator has-alpha-channel-opacity\"\/>\n\n\n\n<p>La Junta de Gobierno del 27 de marzo aprob\u00f3 la justificaci\u00f3n del convenio de 15.000\u20ac del a\u00f1o 2022, y aprob\u00f3 el segundo y \u00faltimo pago de 2.000\u20ac.<\/p>\n\n\n\n<p>En julio del 2022 se aprob\u00f3 un convenio de 15.000\u20ac con el Ball de Diables de la Bisbal del Pened\u00e8s para el a\u00f1o 2022 y se hizo el primer pago de 13.000\u20ac.<\/p>\n\n\n\n<p>El convenio es para la promoci\u00f3n de la cultura y tradici\u00f3n catalana con las fiestas de fuego en el municipio, promoviendo la convivencia y la cohesi\u00f3n social.<\/p>\n","protected":false},"excerpt":{"rendered":"<p>La Junta de Govern del 27 de mar\u00e7 va aprovar la justificaci\u00f3 del conveni de 15.000\u20ac de l\u2019any 2022, y va aprovar el segon i \u00faltim pagament de 2.000\u20ac. El &hellip; <a href=\"https:\/\/bisbalpenedes.com\/web\/2023\/03\/31\/saprova-la-justificacio-i-el-segon-pagament-del-conveni-2022-amb-el-ball-de-diables-de-la-bisbal-del-penedes\/\" class=\"more-link\">Read More<\/a><\/p>\n","protected":false},"author":4,"featured_media":25453,"comment_status":"closed","ping_status":"closed","sticky":false,"template":"","format":"standard","meta":[],"categories":[20,2377,3085,8],"tags":[459,692,3162,351,887,393,229],"_links":{"self":[{"href":"https:\/\/bisbalpenedes.com\/web\/wp-json\/wp\/v2\/posts\/25452"}],"collection":[{"href":"https:\/\/bisbalpenedes.com\/web\/wp-json\/wp\/v2\/posts"}],"about":[{"href":"https:\/\/bisbalpenedes.com\/web\/wp-json\/wp\/v2\/types\/post"}],"author":[{"embeddable":true,"href":"https:\/\/bisbalpenedes.com\/web\/wp-json\/wp\/v2\/users\/4"}],"replies":[{"embeddable":true,"href":"https:\/\/bisbalpenedes.com\/web\/wp-json\/wp\/v2\/comments?post=25452"}],"version-history":[{"count":1,"href":"https:\/\/bisbalpenedes.com\/web\/wp-json\/wp\/v2\/posts\/25452\/revisions"}],"predecessor-version":[{"id":25454,"href":"https:\/\/bisbalpenedes.com\/web\/wp-json\/wp\/v2\/posts\/25452\/revisions\/25454"}],"wp:featuredmedia":[{"embeddable":true,"href":"https:\/\/bisbalpenedes.com\/web\/wp-json\/wp\/v2\/media\/25453"}],"wp:attachment":[{"href":"https:\/\/bisbalpenedes.com\/web\/wp-json\/wp\/v2\/media?parent=25452"}],"wp:term":[{"taxonomy":"category","embeddable":true,"href":"https:\/\/bisbalpenedes.com\/web\/wp-json\/wp\/v2\/categories?post=25452"},{"taxonomy":"post_tag","embeddable":true,"href":"https:\/\/bisbalpenedes.com\/web\/wp-json\/wp\/v2\/tags?post=25452"}],"curies":[{"name":"wp","href":"https:\/\/api.w.org\/{rel}","templated":true}]}}