{"id":25448,"date":"2023-03-31T12:47:05","date_gmt":"2023-03-31T10:47:05","guid":{"rendered":"https:\/\/bisbalpenedes.com\/web\/?p=25448"},"modified":"2023-03-31T13:03:04","modified_gmt":"2023-03-31T11:03:04","slug":"saprova-la-justificacio-i-el-segon-pagament-del-conveni-2022-amb-l-associacio-de-cors-antistiana","status":"publish","type":"post","link":"https:\/\/bisbalpenedes.com\/web\/2023\/03\/31\/saprova-la-justificacio-i-el-segon-pagament-del-conveni-2022-amb-l-associacio-de-cors-antistiana\/","title":{"rendered":"S\u2019aprova la justificaci\u00f3 i el segon pagament del conveni 2022 amb l\u2018Associaci\u00f3 de Cors Antistiana"},"content":{"rendered":"\n<p>La Junta de Govern del 27 de mar\u00e7 ha aprovat la justificaci\u00f3 del conveni de 4.000\u20ac de l\u2019any 2022 i el segon i \u00faltim pagament de 800\u20ac.<\/p>\n\n\n\n<p>El juliol de 2022 es va aprovar un conveni de 4.000\u20ac amb l\u2019Associaci\u00f3 de cors Antistiana per a l\u2019any 2022 i es va fer el primer pagament, per un import de 3.200\u20ac.<\/p>\n\n\n\n<p>El conveni \u00e9s per a la promoci\u00f3 de la cultura i, concretament, la m\u00fasica i l\u2019orgue de la Bisbal.<\/p>\n\n\n\n<hr class=\"wp-block-separator has-alpha-channel-opacity\"\/>\n\n\n\n<p><strong>CASTELLANO |<\/strong> La Junta de Gobierno del 27 de marzo ha aprobado la justificaci\u00f3n del convenio de 4.000\u20ac del a\u00f1o 2022 y el segundo y \u00faltimo pago de 800\u20ac.<\/p>\n\n\n\n<p>En julio del 2022 se aprob\u00f3 un convenio de 4.000\u20ac con la Associaci\u00f3 de cors Antistiana para el a\u00f1o 2022 y se realiz\u00f3 el primer pago por un importe de 3.200\u20ac.<\/p>\n\n\n\n<p>El convenio es para la promoci\u00f3n de la cultura y, concretamente, la m\u00fasica y el \u00f3rgano de la Bisbal.<\/p>\n","protected":false},"excerpt":{"rendered":"<p>La Junta de Govern del 27 de mar\u00e7 ha aprovat la justificaci\u00f3 del conveni de 4.000\u20ac de l\u2019any 2022 i el segon i \u00faltim pagament de 800\u20ac. El juliol de &hellip; <a href=\"https:\/\/bisbalpenedes.com\/web\/2023\/03\/31\/saprova-la-justificacio-i-el-segon-pagament-del-conveni-2022-amb-l-associacio-de-cors-antistiana\/\" class=\"more-link\">Read More<\/a><\/p>\n","protected":false},"author":4,"featured_media":25449,"comment_status":"closed","ping_status":"closed","sticky":false,"template":"","format":"standard","meta":[],"categories":[20,3085,8],"tags":[459,440,1906,4813,393,1374],"_links":{"self":[{"href":"https:\/\/bisbalpenedes.com\/web\/wp-json\/wp\/v2\/posts\/25448"}],"collection":[{"href":"https:\/\/bisbalpenedes.com\/web\/wp-json\/wp\/v2\/posts"}],"about":[{"href":"https:\/\/bisbalpenedes.com\/web\/wp-json\/wp\/v2\/types\/post"}],"author":[{"embeddable":true,"href":"https:\/\/bisbalpenedes.com\/web\/wp-json\/wp\/v2\/users\/4"}],"replies":[{"embeddable":true,"href":"https:\/\/bisbalpenedes.com\/web\/wp-json\/wp\/v2\/comments?post=25448"}],"version-history":[{"count":2,"href":"https:\/\/bisbalpenedes.com\/web\/wp-json\/wp\/v2\/posts\/25448\/revisions"}],"predecessor-version":[{"id":25455,"href":"https:\/\/bisbalpenedes.com\/web\/wp-json\/wp\/v2\/posts\/25448\/revisions\/25455"}],"wp:featuredmedia":[{"embeddable":true,"href":"https:\/\/bisbalpenedes.com\/web\/wp-json\/wp\/v2\/media\/25449"}],"wp:attachment":[{"href":"https:\/\/bisbalpenedes.com\/web\/wp-json\/wp\/v2\/media?parent=25448"}],"wp:term":[{"taxonomy":"category","embeddable":true,"href":"https:\/\/bisbalpenedes.com\/web\/wp-json\/wp\/v2\/categories?post=25448"},{"taxonomy":"post_tag","embeddable":true,"href":"https:\/\/bisbalpenedes.com\/web\/wp-json\/wp\/v2\/tags?post=25448"}],"curies":[{"name":"wp","href":"https:\/\/api.w.org\/{rel}","templated":true}]}}