{"id":25445,"date":"2023-03-31T12:39:34","date_gmt":"2023-03-31T10:39:34","guid":{"rendered":"https:\/\/bisbalpenedes.com\/web\/?p=25445"},"modified":"2023-03-31T12:39:34","modified_gmt":"2023-03-31T10:39:34","slug":"saprova-la-justificacio-i-el-segon-pagament-del-conveni-2022-amb-la-colla-castellera-de-la-bisbal-del-penedes","status":"publish","type":"post","link":"https:\/\/bisbalpenedes.com\/web\/2023\/03\/31\/saprova-la-justificacio-i-el-segon-pagament-del-conveni-2022-amb-la-colla-castellera-de-la-bisbal-del-penedes\/","title":{"rendered":"<strong>S\u2019aprova la justificaci\u00f3 i el segon pagament del conveni 2022 amb la Colla Castellera de la Bisbal del Pened\u00e8s<\/strong>"},"content":{"rendered":"\n<p>La Junta de govern del 27 de mar\u00e7 va aprovar la justificaci\u00f3 del conveni d\u201911.500\u20ac de l\u2019any 2022 amb la Colla Castellera de la Bisbal del Pened\u00e8s i el segon i \u00faltim pagament per un import de 1.500\u20ac.<\/p>\n\n\n\n<p>El juliol de 2022 es va aprovar un conveni d\u201911.500\u20ac amb la Colla Castellera de la Bisbal del Pened\u00e8s per a l\u2019any 2022 i es va fer un primer pagament de 10.000\u20ac.<\/p>\n\n\n\n<p>El conveni \u00e9s per a la promoci\u00f3 de la cultura del municipi, la millora de la qualitat de vida de la ciutadania i la promoci\u00f3 de la conviv\u00e8ncia i la cohesi\u00f3 social.<\/p>\n\n\n\n<hr class=\"wp-block-separator has-alpha-channel-opacity\"\/>\n\n\n\n<p>La Junta de gobierno del 27 de marzo aprob\u00f3 la justificaci\u00f3n del convenio de 11.500\u20ac del a\u00f1o 2022 con la Colla Castellera de la Bisbal el Pened\u00e8s y el segundo y \u00faltimo pago por un importe de 1.500\u20ac.<\/p>\n\n\n\n<p>En julio del 2022 se aprob\u00f3 un convenio de 11.500\u20ac con la Colla Castellera de la Bisbal del Pened\u00e8s para el a\u00f1o 2022 y se hizo un primer pago de 10.000\u20ac.<\/p>\n\n\n\n<p>El convenio es para la promoci\u00f3n de la cultura del municipio, la mejora de la calidad de vida de la ciudadan\u00eda y la promoci\u00f3n de la convivencia y la cohesi\u00f3n social.<\/p>\n\n\n\n<p><\/p>\n","protected":false},"excerpt":{"rendered":"<p>La Junta de govern del 27 de mar\u00e7 va aprovar la justificaci\u00f3 del conveni d\u201911.500\u20ac de l\u2019any 2022 amb la Colla Castellera de la Bisbal del Pened\u00e8s i el segon &hellip; <a href=\"https:\/\/bisbalpenedes.com\/web\/2023\/03\/31\/saprova-la-justificacio-i-el-segon-pagament-del-conveni-2022-amb-la-colla-castellera-de-la-bisbal-del-penedes\/\" class=\"more-link\">Read More<\/a><\/p>\n","protected":false},"author":4,"featured_media":25446,"comment_status":"closed","ping_status":"closed","sticky":false,"template":"","format":"standard","meta":[],"categories":[13,20,3085,8],"tags":[459,378,4302,686,393],"_links":{"self":[{"href":"https:\/\/bisbalpenedes.com\/web\/wp-json\/wp\/v2\/posts\/25445"}],"collection":[{"href":"https:\/\/bisbalpenedes.com\/web\/wp-json\/wp\/v2\/posts"}],"about":[{"href":"https:\/\/bisbalpenedes.com\/web\/wp-json\/wp\/v2\/types\/post"}],"author":[{"embeddable":true,"href":"https:\/\/bisbalpenedes.com\/web\/wp-json\/wp\/v2\/users\/4"}],"replies":[{"embeddable":true,"href":"https:\/\/bisbalpenedes.com\/web\/wp-json\/wp\/v2\/comments?post=25445"}],"version-history":[{"count":1,"href":"https:\/\/bisbalpenedes.com\/web\/wp-json\/wp\/v2\/posts\/25445\/revisions"}],"predecessor-version":[{"id":25447,"href":"https:\/\/bisbalpenedes.com\/web\/wp-json\/wp\/v2\/posts\/25445\/revisions\/25447"}],"wp:featuredmedia":[{"embeddable":true,"href":"https:\/\/bisbalpenedes.com\/web\/wp-json\/wp\/v2\/media\/25446"}],"wp:attachment":[{"href":"https:\/\/bisbalpenedes.com\/web\/wp-json\/wp\/v2\/media?parent=25445"}],"wp:term":[{"taxonomy":"category","embeddable":true,"href":"https:\/\/bisbalpenedes.com\/web\/wp-json\/wp\/v2\/categories?post=25445"},{"taxonomy":"post_tag","embeddable":true,"href":"https:\/\/bisbalpenedes.com\/web\/wp-json\/wp\/v2\/tags?post=25445"}],"curies":[{"name":"wp","href":"https:\/\/api.w.org\/{rel}","templated":true}]}}