{"id":25442,"date":"2023-03-31T12:27:47","date_gmt":"2023-03-31T10:27:47","guid":{"rendered":"https:\/\/bisbalpenedes.com\/web\/?p=25442"},"modified":"2023-03-31T12:27:47","modified_gmt":"2023-03-31T10:27:47","slug":"saprova-la-subvencio-i-el-primer-pagament-de-la-subvencio-per-als-cursos-2021-22-i-2022-23-a-lescola-ull-de-vent","status":"publish","type":"post","link":"https:\/\/bisbalpenedes.com\/web\/2023\/03\/31\/saprova-la-subvencio-i-el-primer-pagament-de-la-subvencio-per-als-cursos-2021-22-i-2022-23-a-lescola-ull-de-vent\/","title":{"rendered":"S\u2019aprova la subvenci\u00f3 i el primer pagament de la subvenci\u00f3 per als cursos 2021\/22 i 2022\/23 a l\u2019Escola Ull de Vent"},"content":{"rendered":"\n<p>La Junta de govern del 27 de mar\u00e7 ha aprovat l\u2019atorgament de la subvenci\u00f3 i del primer pagament a l\u2019escola Ull de Vent per al curs actual i l\u2019anterior.<\/p>\n\n\n\n<p>L\u2019octubre de 2022 es van iniciar els tr\u00e0mits per a la donaci\u00f3 de 33.600\u20ac a l\u2019escola Ull de Vent per a material escolar dels cursos 2021\/2022 i 2022\/2023, despr\u00e9s que la regidora d\u2019Ensenyament es reun\u00eds amb la direcci\u00f3 del centre per fixar l\u2019aportaci\u00f3 econ\u00f2mica per a ambd\u00f3s cursos. Com que la resoluci\u00f3 del Departament d\u2019Educaci\u00f3 de la Generalitat ha arribat aquest febrer de 2023, ara s\u2019ha aprovat aquest primer pagament per un import de 16.800\u20ac. Al final del curs, quan es justifiqui la subvenci\u00f3, es transferir\u00e0 el 50% restant.<\/p>\n\n\n\n<p>Amb aquesta subvenci\u00f3, l\u2019Ajuntament de la Bisbal del Pened\u00e8s ajuda l\u2019escola amb el r\u00e8nting de dues fotocopiadores i amb el subministrament de paper.<\/p>\n\n\n\n<hr class=\"wp-block-separator has-alpha-channel-opacity\"\/>\n\n\n\n<p><strong>CASTELLANO |<\/strong> La Junta de gobierno del 27 de marzo ha aprobado el otorgamiento de la subvenci\u00f3n y del primer pago a la escuela Ull de Vent para el curso actual y el anterior.<\/p>\n\n\n\n<p>En octubre de 2022 se iniciaron los tr\u00e1mites para la donaci\u00f3n de 33.600\u20ac a la escuela Ull de Vent para material escolar de los cursos 2021\/2022 y 2022\/2023, despu\u00e9s de que la concejala de Educaci\u00f3n se reuniese con la direcci\u00f3n del centro para fijar la aportaci\u00f3n econ\u00f3mica para ambos cursos. Como la resoluci\u00f3n del Departamento de Educaci\u00f3n de la Generalitat ha llegado este febrero de 2023, ahora se ha aprobado este primer pago por un importe de 16.800\u20ac. Al final del curso, cuando se justifique la subvenci\u00f3n, se transferir\u00e1 el 50% restantes.<\/p>\n\n\n\n<p>Con esta subvenci\u00f3n, el Ayuntamiento de la Bisbal del Pened\u00e8s ayuda a la escuela con el renting de dos fotocopiadores y con el suministro de papel.<\/p>\n","protected":false},"excerpt":{"rendered":"<p>La Junta de govern del 27 de mar\u00e7 ha aprovat l\u2019atorgament de la subvenci\u00f3 i del primer pagament a l\u2019escola Ull de Vent per al curs actual i l\u2019anterior. L\u2019octubre &hellip; <a href=\"https:\/\/bisbalpenedes.com\/web\/2023\/03\/31\/saprova-la-subvencio-i-el-primer-pagament-de-la-subvencio-per-als-cursos-2021-22-i-2022-23-a-lescola-ull-de-vent\/\" class=\"more-link\">Read More<\/a><\/p>\n","protected":false},"author":4,"featured_media":25443,"comment_status":"closed","ping_status":"closed","sticky":false,"template":"","format":"standard","meta":[],"categories":[2397,3085,8],"tags":[459,65,393,99],"_links":{"self":[{"href":"https:\/\/bisbalpenedes.com\/web\/wp-json\/wp\/v2\/posts\/25442"}],"collection":[{"href":"https:\/\/bisbalpenedes.com\/web\/wp-json\/wp\/v2\/posts"}],"about":[{"href":"https:\/\/bisbalpenedes.com\/web\/wp-json\/wp\/v2\/types\/post"}],"author":[{"embeddable":true,"href":"https:\/\/bisbalpenedes.com\/web\/wp-json\/wp\/v2\/users\/4"}],"replies":[{"embeddable":true,"href":"https:\/\/bisbalpenedes.com\/web\/wp-json\/wp\/v2\/comments?post=25442"}],"version-history":[{"count":1,"href":"https:\/\/bisbalpenedes.com\/web\/wp-json\/wp\/v2\/posts\/25442\/revisions"}],"predecessor-version":[{"id":25444,"href":"https:\/\/bisbalpenedes.com\/web\/wp-json\/wp\/v2\/posts\/25442\/revisions\/25444"}],"wp:featuredmedia":[{"embeddable":true,"href":"https:\/\/bisbalpenedes.com\/web\/wp-json\/wp\/v2\/media\/25443"}],"wp:attachment":[{"href":"https:\/\/bisbalpenedes.com\/web\/wp-json\/wp\/v2\/media?parent=25442"}],"wp:term":[{"taxonomy":"category","embeddable":true,"href":"https:\/\/bisbalpenedes.com\/web\/wp-json\/wp\/v2\/categories?post=25442"},{"taxonomy":"post_tag","embeddable":true,"href":"https:\/\/bisbalpenedes.com\/web\/wp-json\/wp\/v2\/tags?post=25442"}],"curies":[{"name":"wp","href":"https:\/\/api.w.org\/{rel}","templated":true}]}}