{"id":25439,"date":"2023-03-31T12:16:08","date_gmt":"2023-03-31T10:16:08","guid":{"rendered":"https:\/\/bisbalpenedes.com\/web\/?p=25439"},"modified":"2023-03-31T12:16:08","modified_gmt":"2023-03-31T10:16:08","slug":"saprova-la-justificacio-i-el-segon-pagament-del-conveni-2022-amb-la-societat","status":"publish","type":"post","link":"https:\/\/bisbalpenedes.com\/web\/2023\/03\/31\/saprova-la-justificacio-i-el-segon-pagament-del-conveni-2022-amb-la-societat\/","title":{"rendered":"S\u2019aprova la justificaci\u00f3 i el segon pagament del conveni 2022 amb la Societat"},"content":{"rendered":"\n<p>La Junta de govern del 27 de mar\u00e7 ha aprovat la justificaci\u00f3 del conveni de l\u2019any 2022 amb la Societat Cultural i Recreativa Bisbalenca. Aix\u00ed mateix, la Junta ha aprovat el segon i \u00faltim pagament a l\u2019entitat, per un import de 2.000\u20ac.<\/p>\n\n\n\n<p>El juliol de 2022 es va aprovar un conveni de 12.000\u20ac amb la Societat per a l\u2019any 2022 i es va efectuar el primer pagament, per un import de 10.000\u20ac. Ara, una vegada justificat el conveni, s\u2019han abonat els 2.000\u20ac restants.<\/p>\n\n\n\n<p>El conveni amb l\u2019entitat \u00e9s per a la promoci\u00f3 de la cultura, les festes populars, l\u2019associacionisme i la conviv\u00e8ncia i la cohesi\u00f3 social a trav\u00e9s de les seccions de l\u2019entitat: escacs, teatre i grup de geganters, grallers i tabalers.<\/p>\n\n\n\n<hr class=\"wp-block-separator has-alpha-channel-opacity\"\/>\n\n\n\n<p>La Junta de gobierno del 27 de marzo ha aprobado la justificaci\u00f3n del convenio del a\u00f1o 2022 con la Societat Cultural i Recreativa Bisbalenca. As\u00ed mismo, la Junta ha aprobado el segundo y \u00faltimo pago a la entidad, por un importe de 2.000\u20ac.<\/p>\n\n\n\n<p>En julio de 2022 se aprob\u00f3 un convenio de 12.000\u20ac con la Societat para el a\u00f1o 2022 y se efectu\u00f3 el primer pago, por un importe de 10.000\u20ac. Ahora, una vez justificado el convenio, se han abonado los 2.000\u20ac restantes.<\/p>\n\n\n\n<p>El convenio con la entidad es para la promoci\u00f3n de la cultura, las fiestas Populares, el asociacionismo y la convivencia y la cohesi\u00f3n social a trav\u00e9s de las secciones de la entidad: ajedrez, teatro y grupo de \u201cgeganters, grallers i tabalers\u201d.<\/p>\n","protected":false},"excerpt":{"rendered":"<p>La Junta de govern del 27 de mar\u00e7 ha aprovat la justificaci\u00f3 del conveni de l\u2019any 2022 amb la Societat Cultural i Recreativa Bisbalenca. Aix\u00ed mateix, la Junta ha aprovat &hellip; <a href=\"https:\/\/bisbalpenedes.com\/web\/2023\/03\/31\/saprova-la-justificacio-i-el-segon-pagament-del-conveni-2022-amb-la-societat\/\" class=\"more-link\">Read More<\/a><\/p>\n","protected":false},"author":4,"featured_media":22114,"comment_status":"closed","ping_status":"closed","sticky":false,"template":"","format":"standard","meta":[],"categories":[20,3085,8],"tags":[1917,459,440,351,393,300,1374,2776],"_links":{"self":[{"href":"https:\/\/bisbalpenedes.com\/web\/wp-json\/wp\/v2\/posts\/25439"}],"collection":[{"href":"https:\/\/bisbalpenedes.com\/web\/wp-json\/wp\/v2\/posts"}],"about":[{"href":"https:\/\/bisbalpenedes.com\/web\/wp-json\/wp\/v2\/types\/post"}],"author":[{"embeddable":true,"href":"https:\/\/bisbalpenedes.com\/web\/wp-json\/wp\/v2\/users\/4"}],"replies":[{"embeddable":true,"href":"https:\/\/bisbalpenedes.com\/web\/wp-json\/wp\/v2\/comments?post=25439"}],"version-history":[{"count":1,"href":"https:\/\/bisbalpenedes.com\/web\/wp-json\/wp\/v2\/posts\/25439\/revisions"}],"predecessor-version":[{"id":25440,"href":"https:\/\/bisbalpenedes.com\/web\/wp-json\/wp\/v2\/posts\/25439\/revisions\/25440"}],"wp:featuredmedia":[{"embeddable":true,"href":"https:\/\/bisbalpenedes.com\/web\/wp-json\/wp\/v2\/media\/22114"}],"wp:attachment":[{"href":"https:\/\/bisbalpenedes.com\/web\/wp-json\/wp\/v2\/media?parent=25439"}],"wp:term":[{"taxonomy":"category","embeddable":true,"href":"https:\/\/bisbalpenedes.com\/web\/wp-json\/wp\/v2\/categories?post=25439"},{"taxonomy":"post_tag","embeddable":true,"href":"https:\/\/bisbalpenedes.com\/web\/wp-json\/wp\/v2\/tags?post=25439"}],"curies":[{"name":"wp","href":"https:\/\/api.w.org\/{rel}","templated":true}]}}