{"id":25434,"date":"2023-03-31T11:50:24","date_gmt":"2023-03-31T09:50:24","guid":{"rendered":"https:\/\/bisbalpenedes.com\/web\/?p=25434"},"modified":"2023-03-31T11:55:24","modified_gmt":"2023-03-31T09:55:24","slug":"linstitut-coster-de-la-torre-forma-sha-adherit-al-programa-sis-adolescents-del-consell-comarcal-del-baix-penedes","status":"publish","type":"post","link":"https:\/\/bisbalpenedes.com\/web\/2023\/03\/31\/linstitut-coster-de-la-torre-forma-sha-adherit-al-programa-sis-adolescents-del-consell-comarcal-del-baix-penedes\/","title":{"rendered":"L\u2019Institut Coster de la Torre s\u2019ha adherit al programa SIS Adolescents del Consell Comarcal del Baix Pened\u00e8s"},"content":{"rendered":"\n<p>El SIS Adolescents (Servei d\u2019Intervenci\u00f3 Socioeducativa per a Adolescents) i el SIAD Jove (Servei d\u2019Informaci\u00f3 i Atenci\u00f3 a les Dones) del Consell Comarcal del Baix Pened\u00e8s du a terme un projecte de treball conjunt amb els instituts de la comarca que formen part de l\u2019\u00c0rea B\u00e0sica de Serveis Socials (ABSS) del Consell Comarcal, a trav\u00e9s del qual s\u2019atenen els joves que demanen, per iniciativa pr\u00f2pia, ser atesos pels educadors\/es socials als mateixos centre educatius. Es tracta d\u2019un projecte pioner i innovador que t\u00e9 per objectiu introduir el servei dins dels centres per assessorar, acompanyar i donar suport als i les joves i adolescents en diferents aspectes vitals. Dins del servei hi ha el SIAD Jove, un projecte destinat a noies que t\u00e9 com a objectiu principal oferir atenci\u00f3, orientaci\u00f3 i suport a les v\u00edctimes de viol\u00e8ncies masclistes i a les persones del seu entorn. Tamb\u00e9 treballa per la prevenci\u00f3 i sensibilitzaci\u00f3 de tot el col\u00b7lectiu de joves de la comarca.<\/p>\n\n\n\n<p>Aquest servei s\u2019est\u00e0 oferint a l\u2019Institut Coster de la Torre i ha tingut molt bona acollida. De fet, segons el Consell Comarcal del Baix Pened\u00e8s \u201cs\u2019ha augmentat el nombre d\u2019hores d\u2019atenci\u00f3 als instituts a causa de la forta demanda que hi ha hagut. S\u2019han detectat, per exemple, situacions de gran complexitat d\u2019adolescents i joves, que han posat de manifest que s\u2019exposen a situacions on posen en risc la seva vida per problemes d\u2019angoixa o tamb\u00e9 joves que han explicat que han estat v\u00edctimes de viol\u00e8ncia vic\u00e0ria\u201d.<\/p>\n\n\n\n<hr class=\"wp-block-separator has-alpha-channel-opacity\"\/>\n\n\n\n<p><strong>CASTELLANO |<\/strong> SIS Adolescents (Servicio de Intervenci\u00f3n Socioeducativa para Adolescentes) y el SIAD Jove (Servicio de Informaci\u00f3n y Atenci\u00f3n a las Mujeres) del Consell Comarcal del Baix Pened\u00e8s lleva a cabo un proyecto de trabajo conjunto con los institutos de la comarca que forman parte del \u00c1rea B\u00e1sica de Servicios Sociales (ABSS) del Consell Comarca, a trav\u00e9s del cual se atiende a los j\u00f3venes que solicitan, por iniciativa propia, ser atendidos por los educadores\/as sociales en sus mismos centros educativos. Se trata de un proyecto pionero e innovador que tiene como objetivo introducir el servicio dentro de los centros para asesorar, acompa\u00f1ar y apoyar a los y las j\u00f3venes y adolescentes en distintos aspectos vitales. Dentro del servicio est\u00e1 el SIAD Joven, un proyecto destinado a mujeres que tiene como objetivo principal ofrecer atenci\u00f3n, orientaci\u00f3n y apoyo a las v\u00edctimas de violencias machistas y a las personas de su entorno. Tambi\u00e9n trabaja para la prevenci\u00f3n y sensibilizaci\u00f3n de todo el colectivo de j\u00f3venes de la comarca.<\/p>\n\n\n\n<p>Este servicio se est\u00e1 ofreciendo en el Instituto Coster de la Torre y ha tenido muy buena acogida. De hecho, seg\u00fan el Consell Comarcal del Baix Pened\u00e8s \u201cse ha aumentado el n\u00famero de horas de atenci\u00f3n en los institutos a causa de la fuerte demanda que ha habido. Se han detectado, por ejemplo, situaciones de gran complejidad de adolescentes y j\u00f3venes, que han puesto de manifiesto que se exponen a situaciones en las que ponen en riesgo su vida por problemas de ansiedad o tambi\u00e9n j\u00f3venes que han explicado que han sido v\u00edctimas de violencia vicaria\u201d.<\/p>\n","protected":false},"excerpt":{"rendered":"<p>El SIS Adolescents (Servei d\u2019Intervenci\u00f3 Socioeducativa per a Adolescents) i el SIAD Jove (Servei d\u2019Informaci\u00f3 i Atenci\u00f3 a les Dones) del Consell Comarcal del Baix Pened\u00e8s du a terme un &hellip; <a href=\"https:\/\/bisbalpenedes.com\/web\/2023\/03\/31\/linstitut-coster-de-la-torre-forma-sha-adherit-al-programa-sis-adolescents-del-consell-comarcal-del-baix-penedes\/\" class=\"more-link\">Read More<\/a><\/p>\n","protected":false},"author":4,"featured_media":25435,"comment_status":"closed","ping_status":"closed","sticky":false,"template":"","format":"standard","meta":[],"categories":[3456,8,17],"tags":[459,1056,393,1374],"_links":{"self":[{"href":"https:\/\/bisbalpenedes.com\/web\/wp-json\/wp\/v2\/posts\/25434"}],"collection":[{"href":"https:\/\/bisbalpenedes.com\/web\/wp-json\/wp\/v2\/posts"}],"about":[{"href":"https:\/\/bisbalpenedes.com\/web\/wp-json\/wp\/v2\/types\/post"}],"author":[{"embeddable":true,"href":"https:\/\/bisbalpenedes.com\/web\/wp-json\/wp\/v2\/users\/4"}],"replies":[{"embeddable":true,"href":"https:\/\/bisbalpenedes.com\/web\/wp-json\/wp\/v2\/comments?post=25434"}],"version-history":[{"count":2,"href":"https:\/\/bisbalpenedes.com\/web\/wp-json\/wp\/v2\/posts\/25434\/revisions"}],"predecessor-version":[{"id":25437,"href":"https:\/\/bisbalpenedes.com\/web\/wp-json\/wp\/v2\/posts\/25434\/revisions\/25437"}],"wp:featuredmedia":[{"embeddable":true,"href":"https:\/\/bisbalpenedes.com\/web\/wp-json\/wp\/v2\/media\/25435"}],"wp:attachment":[{"href":"https:\/\/bisbalpenedes.com\/web\/wp-json\/wp\/v2\/media?parent=25434"}],"wp:term":[{"taxonomy":"category","embeddable":true,"href":"https:\/\/bisbalpenedes.com\/web\/wp-json\/wp\/v2\/categories?post=25434"},{"taxonomy":"post_tag","embeddable":true,"href":"https:\/\/bisbalpenedes.com\/web\/wp-json\/wp\/v2\/tags?post=25434"}],"curies":[{"name":"wp","href":"https:\/\/api.w.org\/{rel}","templated":true}]}}