{"id":25427,"date":"2023-03-31T11:14:48","date_gmt":"2023-03-31T09:14:48","guid":{"rendered":"https:\/\/bisbalpenedes.com\/web\/?p=25427"},"modified":"2023-03-31T11:14:48","modified_gmt":"2023-03-31T09:14:48","slug":"avis-per-vent-per-al-dissabte-1-dabril-i-elevat-risc-dincendi","status":"publish","type":"post","link":"https:\/\/bisbalpenedes.com\/web\/2023\/03\/31\/avis-per-vent-per-al-dissabte-1-dabril-i-elevat-risc-dincendi\/","title":{"rendered":"Av\u00eds per vent per al dissabte 1 d&#8217;abril i elevat risc d&#8217;incendi"},"content":{"rendered":"\n<p>El Servei Meteorol\u00f2gic de Catalunya ha publicat un av\u00eds per vent per dem\u00e0 dissabte a la tarda i, a m\u00e9s, el risc d&#8217;incendi continua sent molt alt. Si us plau, extremeu les precaucions i consulteu la infografia sobre prevenci\u00f3 d&#8217;incendis que us adjuntem.<\/p>\n\n\n\n<hr class=\"wp-block-separator has-alpha-channel-opacity\"\/>\n\n\n\n<p>El Servicio Meteorol\u00f3gico de Catalu\u00f1a ha publicado un aviso por viento para ma\u00f1ana s\u00e1bado y, adem\u00e1s, el riesgo de incendio contin\u00faa siendo muy alto.<br>Por favor, extremad las precauciones y consultad la infograf\u00eda sobre prevenci\u00f3n de incendios que os adjuntamos.<\/p>\n\n\n\n<figure class=\"wp-block-image size-full\"><img loading=\"lazy\" width=\"720\" height=\"1024\" src=\"https:\/\/bisbalpenedes.com\/web\/wp-content\/uploads\/2023\/03\/03_Flyer_Incendis_CAT_v81024_1.jpg\" alt=\"\" class=\"wp-image-25349\" srcset=\"https:\/\/bisbalpenedes.com\/web\/wp-content\/uploads\/2023\/03\/03_Flyer_Incendis_CAT_v81024_1.jpg 720w, https:\/\/bisbalpenedes.com\/web\/wp-content\/uploads\/2023\/03\/03_Flyer_Incendis_CAT_v81024_1-211x300.jpg 211w, https:\/\/bisbalpenedes.com\/web\/wp-content\/uploads\/2023\/03\/03_Flyer_Incendis_CAT_v81024_1-600x853.jpg 600w\" sizes=\"(max-width: 720px) 100vw, 720px\" \/><\/figure>\n\n\n\n<figure class=\"wp-block-image size-full\"><img loading=\"lazy\" width=\"720\" height=\"1024\" src=\"https:\/\/bisbalpenedes.com\/web\/wp-content\/uploads\/2023\/03\/03_Flyer_Incendis_CAT_v81024_2-1.jpg\" alt=\"\" class=\"wp-image-25428\" srcset=\"https:\/\/bisbalpenedes.com\/web\/wp-content\/uploads\/2023\/03\/03_Flyer_Incendis_CAT_v81024_2-1.jpg 720w, https:\/\/bisbalpenedes.com\/web\/wp-content\/uploads\/2023\/03\/03_Flyer_Incendis_CAT_v81024_2-1-211x300.jpg 211w, https:\/\/bisbalpenedes.com\/web\/wp-content\/uploads\/2023\/03\/03_Flyer_Incendis_CAT_v81024_2-1-600x853.jpg 600w\" sizes=\"(max-width: 720px) 100vw, 720px\" \/><\/figure>\n","protected":false},"excerpt":{"rendered":"<p>El Servei Meteorol\u00f2gic de Catalunya ha publicat un av\u00eds per vent per dem\u00e0 dissabte a la tarda i, a m\u00e9s, el risc d&#8217;incendi continua sent molt alt. Si us plau, &hellip; <a href=\"https:\/\/bisbalpenedes.com\/web\/2023\/03\/31\/avis-per-vent-per-al-dissabte-1-dabril-i-elevat-risc-dincendi\/\" class=\"more-link\">Read More<\/a><\/p>\n","protected":false},"author":4,"featured_media":25429,"comment_status":"closed","ping_status":"closed","sticky":false,"template":"","format":"standard","meta":[],"categories":[1628,2543,8],"tags":[4613,295,393,1423,2507],"_links":{"self":[{"href":"https:\/\/bisbalpenedes.com\/web\/wp-json\/wp\/v2\/posts\/25427"}],"collection":[{"href":"https:\/\/bisbalpenedes.com\/web\/wp-json\/wp\/v2\/posts"}],"about":[{"href":"https:\/\/bisbalpenedes.com\/web\/wp-json\/wp\/v2\/types\/post"}],"author":[{"embeddable":true,"href":"https:\/\/bisbalpenedes.com\/web\/wp-json\/wp\/v2\/users\/4"}],"replies":[{"embeddable":true,"href":"https:\/\/bisbalpenedes.com\/web\/wp-json\/wp\/v2\/comments?post=25427"}],"version-history":[{"count":1,"href":"https:\/\/bisbalpenedes.com\/web\/wp-json\/wp\/v2\/posts\/25427\/revisions"}],"predecessor-version":[{"id":25430,"href":"https:\/\/bisbalpenedes.com\/web\/wp-json\/wp\/v2\/posts\/25427\/revisions\/25430"}],"wp:featuredmedia":[{"embeddable":true,"href":"https:\/\/bisbalpenedes.com\/web\/wp-json\/wp\/v2\/media\/25429"}],"wp:attachment":[{"href":"https:\/\/bisbalpenedes.com\/web\/wp-json\/wp\/v2\/media?parent=25427"}],"wp:term":[{"taxonomy":"category","embeddable":true,"href":"https:\/\/bisbalpenedes.com\/web\/wp-json\/wp\/v2\/categories?post=25427"},{"taxonomy":"post_tag","embeddable":true,"href":"https:\/\/bisbalpenedes.com\/web\/wp-json\/wp\/v2\/tags?post=25427"}],"curies":[{"name":"wp","href":"https:\/\/api.w.org\/{rel}","templated":true}]}}