{"id":25416,"date":"2023-03-31T10:33:26","date_gmt":"2023-03-31T08:33:26","guid":{"rendered":"https:\/\/bisbalpenedes.com\/web\/?p=25416"},"modified":"2023-03-31T10:35:07","modified_gmt":"2023-03-31T08:35:07","slug":"lequip-de-govern-ha-estat-present-a-lacte-de-presentacio-dels-resultats-de-la-prova-pilot-per-a-lenvelliment-actiu-amb-dispositius-alexa-de-la-que-la-bisba","status":"publish","type":"post","link":"https:\/\/bisbalpenedes.com\/web\/2023\/03\/31\/lequip-de-govern-ha-estat-present-a-lacte-de-presentacio-dels-resultats-de-la-prova-pilot-per-a-lenvelliment-actiu-amb-dispositius-alexa-de-la-que-la-bisba\/","title":{"rendered":"L\u2019equip de govern ha estat present a l\u2019acte de presentaci\u00f3 dels resultats de la prova pilot per a l\u2019envelliment actiu amb dispositius \u201cAlexa\u201d &#8211; Una ve\u00efna de la Bisbal del Pened\u00e8s ha format part d&#8217;aquesta prova pilot"},"content":{"rendered":"\n<p>El passat dijous 16 de mar\u00e7 L\u2019Arc Serveis va presentar els resultats de la prova pilot del projecte guanyador del I Concurs de Projectes Socials per a la gent gran de la URV \u2018Els assistents virtuals per a promoure l\u2019autonomia i l\u2019envelliment actiu\u2019 de l\u2019estudiant Carla Mart\u00ednez. Recordem que la Bisbal del Pened\u00e8s ha participat en la prova pilot, instal\u00b7lant un dispositiu \u201cAlexa\u201d a la casa d\u2019una persona gran del municipi. La prova pilot ha tingut una durada de 10 mesos i s\u2019han obtingut resultats positius, ja que els dispositius milloren l\u2019autonomia, redueixen la soledat no volguda, milloren la socialitzaci\u00f3 i l\u2019ocupaci\u00f3 saludable del temps, per\u00f2 tamb\u00e9 permeten que els usuaris tinguin acc\u00e9s a les noves tecnologies -el que suposa una reducci\u00f3 de la bretxa digital-, que recordin quan s\u2019han de prendre la medicaci\u00f3 o quan tenen visita al metge i que gaudeixin d\u2019experi\u00e8ncies singulars.<\/p>\n\n\n\n<p>La presentaci\u00f3 va comptar amb l\u2019assist\u00e8ncia de l\u2019alcaldessa de la Bisbal del Pened\u00e8s, Agn\u00e8s Ferr\u00e9; la primera tinenta d\u2019alcaldia, Judith Vidal; i la regidora de Benestar Social, Paqui Cepas.<\/p>\n\n\n\n<figure class=\"wp-block-image size-large\"><img loading=\"lazy\" width=\"1024\" height=\"643\" src=\"https:\/\/bisbalpenedes.com\/web\/wp-content\/uploads\/2023\/03\/2023-03-16-12.35.40-1024x643.jpg\" alt=\"\" class=\"wp-image-25417\" srcset=\"https:\/\/bisbalpenedes.com\/web\/wp-content\/uploads\/2023\/03\/2023-03-16-12.35.40-1024x643.jpg 1024w, https:\/\/bisbalpenedes.com\/web\/wp-content\/uploads\/2023\/03\/2023-03-16-12.35.40-300x188.jpg 300w, https:\/\/bisbalpenedes.com\/web\/wp-content\/uploads\/2023\/03\/2023-03-16-12.35.40-768x482.jpg 768w, https:\/\/bisbalpenedes.com\/web\/wp-content\/uploads\/2023\/03\/2023-03-16-12.35.40-1536x965.jpg 1536w, https:\/\/bisbalpenedes.com\/web\/wp-content\/uploads\/2023\/03\/2023-03-16-12.35.40-2048x1286.jpg 2048w, https:\/\/bisbalpenedes.com\/web\/wp-content\/uploads\/2023\/03\/2023-03-16-12.35.40-600x377.jpg 600w\" sizes=\"(max-width: 1024px) 100vw, 1024px\" \/><\/figure>\n\n\n\n<figure class=\"wp-block-image size-large\"><img loading=\"lazy\" width=\"1024\" height=\"564\" src=\"https:\/\/bisbalpenedes.com\/web\/wp-content\/uploads\/2023\/03\/2023-03-16-11.59.21-1024x564.jpg\" alt=\"\" class=\"wp-image-25418\" srcset=\"https:\/\/bisbalpenedes.com\/web\/wp-content\/uploads\/2023\/03\/2023-03-16-11.59.21-1024x564.jpg 1024w, https:\/\/bisbalpenedes.com\/web\/wp-content\/uploads\/2023\/03\/2023-03-16-11.59.21-300x165.jpg 300w, https:\/\/bisbalpenedes.com\/web\/wp-content\/uploads\/2023\/03\/2023-03-16-11.59.21-768x423.jpg 768w, https:\/\/bisbalpenedes.com\/web\/wp-content\/uploads\/2023\/03\/2023-03-16-11.59.21-1536x847.jpg 1536w, https:\/\/bisbalpenedes.com\/web\/wp-content\/uploads\/2023\/03\/2023-03-16-11.59.21-2048x1129.jpg 2048w, https:\/\/bisbalpenedes.com\/web\/wp-content\/uploads\/2023\/03\/2023-03-16-11.59.21-600x331.jpg 600w\" sizes=\"(max-width: 1024px) 100vw, 1024px\" \/><\/figure>\n\n\n\n<hr class=\"wp-block-separator has-alpha-channel-opacity\"\/>\n\n\n\n<p>El pasado jueves 16 de marzo L\u2019Arc Serveis present\u00f3 los resultados de la prueba piloto del proyecto ganador del I Concurso de Proyectos Sociales para la gente mayor de la URV \u2018Los asistentes virtuales para promover la autonom\u00eda y el envejecimiento activo\u2019. Recordamos que la Bisbal del Pened\u00e8s ha participado en la prueba piloto, instalando un dispositivo \u201cAlexa\u201d en casa de una persona mayor del municipio. La prueba piloto ha tenido una duraci\u00f3n de 10 meses y se han obtenido resultados positivos, ya que los dispositivos mejoran la autonom\u00eda, reducen la soledad no buscada, mejoran la socializaci\u00f3n y la ocupaci\u00f3n saludable del tiempo, pero tambi\u00e9n permiten que los usuarios tengan acceso a las nuevas tecnolog\u00edas -lo que supone una reducci\u00f3n de la brecha digital-, que recuerden cu\u00e1ndo tienen que tomarse la medicaci\u00f3n o cu\u00e1ndo tienen visita con el m\u00e9dico y que disfruten de experiencias singulares.<\/p>\n\n\n\n<p>La presentaci\u00f3n cont\u00f3 con la asistencia de la alcaldesa de la Bisbal del Pened\u00e8s, Agn\u00e8s Ferr\u00e9; la primera teniente de alcald\u00eda, Judith Vidal; y la concejala de Bienestar Social, Paqui Cepas.<\/p>\n","protected":false},"excerpt":{"rendered":"<p>El passat dijous 16 de mar\u00e7 L\u2019Arc Serveis va presentar els resultats de la prova pilot del projecte guanyador del I Concurs de Projectes Socials per a la gent gran &hellip; <a href=\"https:\/\/bisbalpenedes.com\/web\/2023\/03\/31\/lequip-de-govern-ha-estat-present-a-lacte-de-presentacio-dels-resultats-de-la-prova-pilot-per-a-lenvelliment-actiu-amb-dispositius-alexa-de-la-que-la-bisba\/\" class=\"more-link\">Read More<\/a><\/p>\n","protected":false},"author":4,"featured_media":25419,"comment_status":"closed","ping_status":"closed","sticky":false,"template":"","format":"standard","meta":[],"categories":[464,8],"tags":[5611,459,679,305,393,1374,2008],"_links":{"self":[{"href":"https:\/\/bisbalpenedes.com\/web\/wp-json\/wp\/v2\/posts\/25416"}],"collection":[{"href":"https:\/\/bisbalpenedes.com\/web\/wp-json\/wp\/v2\/posts"}],"about":[{"href":"https:\/\/bisbalpenedes.com\/web\/wp-json\/wp\/v2\/types\/post"}],"author":[{"embeddable":true,"href":"https:\/\/bisbalpenedes.com\/web\/wp-json\/wp\/v2\/users\/4"}],"replies":[{"embeddable":true,"href":"https:\/\/bisbalpenedes.com\/web\/wp-json\/wp\/v2\/comments?post=25416"}],"version-history":[{"count":2,"href":"https:\/\/bisbalpenedes.com\/web\/wp-json\/wp\/v2\/posts\/25416\/revisions"}],"predecessor-version":[{"id":25421,"href":"https:\/\/bisbalpenedes.com\/web\/wp-json\/wp\/v2\/posts\/25416\/revisions\/25421"}],"wp:featuredmedia":[{"embeddable":true,"href":"https:\/\/bisbalpenedes.com\/web\/wp-json\/wp\/v2\/media\/25419"}],"wp:attachment":[{"href":"https:\/\/bisbalpenedes.com\/web\/wp-json\/wp\/v2\/media?parent=25416"}],"wp:term":[{"taxonomy":"category","embeddable":true,"href":"https:\/\/bisbalpenedes.com\/web\/wp-json\/wp\/v2\/categories?post=25416"},{"taxonomy":"post_tag","embeddable":true,"href":"https:\/\/bisbalpenedes.com\/web\/wp-json\/wp\/v2\/tags?post=25416"}],"curies":[{"name":"wp","href":"https:\/\/api.w.org\/{rel}","templated":true}]}}