{"id":25407,"date":"2023-03-30T09:35:30","date_gmt":"2023-03-30T07:35:30","guid":{"rendered":"https:\/\/bisbalpenedes.com\/web\/?p=25407"},"modified":"2023-04-06T11:09:57","modified_gmt":"2023-04-06T09:09:57","slug":"lajuntament-de-la-bisbal-del-penedes-rep-el-reconeixement-de-laoc-com-a-administracio-local-capdavantera-en-limpuls-de-la-transformacio-digital-i-el-govern-obert-pe","status":"publish","type":"post","link":"https:\/\/bisbalpenedes.com\/web\/2023\/03\/30\/lajuntament-de-la-bisbal-del-penedes-rep-el-reconeixement-de-laoc-com-a-administracio-local-capdavantera-en-limpuls-de-la-transformacio-digital-i-el-govern-obert-pe\/","title":{"rendered":"<strong>L\u2019Ajuntament de la Bisbal del Pened\u00e8s rep el reconeixement de l\u2019AOC com a \u201cadministraci\u00f3 local capdavantera en l\u2019impuls de la transformaci\u00f3 digital i el govern obert per millorar la vida de les persones\u201d<\/strong>"},"content":{"rendered":"\n<p>L\u2019Ajuntament de la Bisbal del Pened\u00e8s ha rebut, aquest dimecres 29 de mar\u00e7, per tercer any consecutiu el Reconeixement d\u2019Administraci\u00f3 Oberta en l\u2019acte de lliurament dels guardons del Consorci AOC que s\u2019ha celebrat al teatre Kursaal Manresa. L\u2019Ajuntament de la Bisbal es troba entre els deu municipis d\u2019entre 1.001 i 5.000 habitants reconeguts com a \u201cadministraci\u00f3 local capdavantera en l\u2019impuls de la transformaci\u00f3 digital i el govern obert per millorar la vida de les persones\u201d.<\/p>\n\n\n\n<figure class=\"wp-block-image size-large\"><img loading=\"lazy\" width=\"1024\" height=\"703\" src=\"https:\/\/bisbalpenedes.com\/web\/wp-content\/uploads\/2023\/03\/WhatsApp-Image-2023-03-30-at-08.51.28-1024x703.jpeg\" alt=\"\" class=\"wp-image-25409\" srcset=\"https:\/\/bisbalpenedes.com\/web\/wp-content\/uploads\/2023\/03\/WhatsApp-Image-2023-03-30-at-08.51.28-1024x703.jpeg 1024w, https:\/\/bisbalpenedes.com\/web\/wp-content\/uploads\/2023\/03\/WhatsApp-Image-2023-03-30-at-08.51.28-300x206.jpeg 300w, https:\/\/bisbalpenedes.com\/web\/wp-content\/uploads\/2023\/03\/WhatsApp-Image-2023-03-30-at-08.51.28-768x528.jpeg 768w, https:\/\/bisbalpenedes.com\/web\/wp-content\/uploads\/2023\/03\/WhatsApp-Image-2023-03-30-at-08.51.28-1536x1055.jpeg 1536w, https:\/\/bisbalpenedes.com\/web\/wp-content\/uploads\/2023\/03\/WhatsApp-Image-2023-03-30-at-08.51.28-600x412.jpeg 600w, https:\/\/bisbalpenedes.com\/web\/wp-content\/uploads\/2023\/03\/WhatsApp-Image-2023-03-30-at-08.51.28.jpeg 1600w\" sizes=\"(max-width: 1024px) 100vw, 1024px\" \/><\/figure>\n\n\n\n<p>L\u2019objectiu d\u2019aquests reconeixements \u00e9s valorar i recon\u00e8ixer la implantaci\u00f3 i l\u2019\u00fas dels serveis d\u2019administraci\u00f3 electr\u00f2nica i la seva conseq\u00fcent transformaci\u00f3 digital en la seva relaci\u00f3 amb la ciutadania i en la seva gesti\u00f3 interna i el govern obert. Aquests reconeixements s\u2019entreguen tenint en compte l\u2019\u00cdndex de Maduresa Digital (IMD) que elabora l\u2019AOC i que es determina a partir de l\u2019an\u00e0lisi d\u2019uns indicadors objectius, unes dades d\u2019\u00fas dels serveis AOC i de l\u2019an\u00e0lisi dels webs de 947 ajuntaments i 42 consells comarcals. Enguany, han estat guardonats 88 ens locals catalans repartits en set categories, d\u2019acord amb el nombre d\u2019habitants dels ens i la seva naturalesa.<\/p>\n\n\n\n<p>L\u2019acte es pot recuperar a <a href=\"mailto:https:\/\/www.youtube.com\/live\/CGCieAcjQXU?feature=share&amp;t=2563\">Youtube<\/a> i ha comptat amb la pres\u00e8ncia de la consellera de la Presid\u00e8ncia i presidenta del consorci AOC, Laura Vilagr\u00e0; del president de Localret i vicepresident del Consorci AOC, Jaume Oliveras; de l\u2019alcalde de Manresa, Marc Aloy; i del director gerent de l\u2019AOC, Santi Gallardo.<\/p>\n\n\n\n<figure class=\"wp-block-image size-full\"><img loading=\"lazy\" width=\"799\" height=\"533\" src=\"https:\/\/bisbalpenedes.com\/web\/wp-content\/uploads\/2023\/03\/FOTO-GRUP-RECONEIXEMENT-AOC.jpeg\" alt=\"\" class=\"wp-image-25408\" srcset=\"https:\/\/bisbalpenedes.com\/web\/wp-content\/uploads\/2023\/03\/FOTO-GRUP-RECONEIXEMENT-AOC.jpeg 799w, https:\/\/bisbalpenedes.com\/web\/wp-content\/uploads\/2023\/03\/FOTO-GRUP-RECONEIXEMENT-AOC-300x200.jpeg 300w, https:\/\/bisbalpenedes.com\/web\/wp-content\/uploads\/2023\/03\/FOTO-GRUP-RECONEIXEMENT-AOC-768x512.jpeg 768w, https:\/\/bisbalpenedes.com\/web\/wp-content\/uploads\/2023\/03\/FOTO-GRUP-RECONEIXEMENT-AOC-600x400.jpeg 600w\" sizes=\"(max-width: 799px) 100vw, 799px\" \/><\/figure>\n\n\n\n<hr class=\"wp-block-separator has-alpha-channel-opacity\"\/>\n\n\n\n<p><strong>CASTELLANO |<\/strong> <strong>El Ayuntamiento de la Bisbal del Pened\u00e8s recibe el reconocimiento de la AOC como &#8220;administraci\u00f3n local pionera en el impulso de la transformaci\u00f3n digital y el gobierno abierto para mejorar la vida de las personas&#8221;<\/strong>&nbsp;<\/p>\n\n\n\n<p>El Ayuntamiento de la Bisbal del Pened\u00e8s ha recibido, este mi\u00e9rcoles 29 de marzo, por tercer a\u00f1o consecutivo el Reconocimiento de Administraci\u00f3n Abierta en el acto de entrega de los galardones del Consorcio AOC que se ha celebrado en el teatro Kursaal de Manresa. El Ayuntamiento de la Bisbal del Pened\u00e8s se encuentra entre los diez municipios de entre 1.0001 y 5.000 habitantes reconocidos como \u201cAdministraci\u00f3n local pionera en el impulso de la transformaci\u00f3n digital y el gobierno abierto para mejorar la vida de las personas\u201d.<\/p>\n\n\n\n<p>El objetivo de estos reconocimientos es valorar y reconocer la implantaci\u00f3n y el uso de los servicios de administraci\u00f3n electr\u00f3nica y su consecuente transformaci\u00f3n digital en su relaci\u00f3n con la ciudadan\u00eda y en su gesti\u00f3n interna y el gobierno abierto. Estos reconocimientos se entregan con base en el \u00edndice de Madurez Digital (IMD) que elabora la AOC y que se determina a partir del an\u00e1lisis de unos indicadores objetivos, unos datos de uso de los servicios AOC y del an\u00e1lisis de las webs de 947 ayuntamientos y 42 <em>consells<\/em> <em>comarcals.<\/em> Este a\u00f1o, han sido galardonados 88 entidades locales catalanes repartidos en siete categor\u00edas, de acuerdo con el n\u00famero de habitantes de la entidad y su naturaleza.<\/p>\n\n\n\n<p>El acto se puede recuperar en <a href=\"mailto:mailto:https:\/\/www.youtube.com\/live\/CGCieAcjQXU?feature=share&amp;t=2563\">Youtube<\/a> y ha contado con la presencia de la consejera de Presidencia y presidenta del consorcio AOC, Laura Vilagr\u00e0; del presidente de Localret y vicepresidente del Consorci AOC, Jaume Oliveras; del alcalde de Manresa, Marc Aloy; y del director gerente de la AOC, Santi Gallardo.<\/p>\n","protected":false},"excerpt":{"rendered":"<p>L\u2019Ajuntament de la Bisbal del Pened\u00e8s ha rebut, aquest dimecres 29 de mar\u00e7, per tercer any consecutiu el Reconeixement d\u2019Administraci\u00f3 Oberta en l\u2019acte de lliurament dels guardons del Consorci AOC &hellip; <a href=\"https:\/\/bisbalpenedes.com\/web\/2023\/03\/30\/lajuntament-de-la-bisbal-del-penedes-rep-el-reconeixement-de-laoc-com-a-administracio-local-capdavantera-en-limpuls-de-la-transformacio-digital-i-el-govern-obert-pe\/\" class=\"more-link\">Read More<\/a><\/p>\n","protected":false},"author":4,"featured_media":25410,"comment_status":"closed","ping_status":"closed","sticky":false,"template":"","format":"standard","meta":[],"categories":[2402,2057,8],"tags":[2581,1151,2466,5929,393,999,5928],"_links":{"self":[{"href":"https:\/\/bisbalpenedes.com\/web\/wp-json\/wp\/v2\/posts\/25407"}],"collection":[{"href":"https:\/\/bisbalpenedes.com\/web\/wp-json\/wp\/v2\/posts"}],"about":[{"href":"https:\/\/bisbalpenedes.com\/web\/wp-json\/wp\/v2\/types\/post"}],"author":[{"embeddable":true,"href":"https:\/\/bisbalpenedes.com\/web\/wp-json\/wp\/v2\/users\/4"}],"replies":[{"embeddable":true,"href":"https:\/\/bisbalpenedes.com\/web\/wp-json\/wp\/v2\/comments?post=25407"}],"version-history":[{"count":2,"href":"https:\/\/bisbalpenedes.com\/web\/wp-json\/wp\/v2\/posts\/25407\/revisions"}],"predecessor-version":[{"id":25438,"href":"https:\/\/bisbalpenedes.com\/web\/wp-json\/wp\/v2\/posts\/25407\/revisions\/25438"}],"wp:featuredmedia":[{"embeddable":true,"href":"https:\/\/bisbalpenedes.com\/web\/wp-json\/wp\/v2\/media\/25410"}],"wp:attachment":[{"href":"https:\/\/bisbalpenedes.com\/web\/wp-json\/wp\/v2\/media?parent=25407"}],"wp:term":[{"taxonomy":"category","embeddable":true,"href":"https:\/\/bisbalpenedes.com\/web\/wp-json\/wp\/v2\/categories?post=25407"},{"taxonomy":"post_tag","embeddable":true,"href":"https:\/\/bisbalpenedes.com\/web\/wp-json\/wp\/v2\/tags?post=25407"}],"curies":[{"name":"wp","href":"https:\/\/api.w.org\/{rel}","templated":true}]}}