{"id":25404,"date":"2023-03-29T18:44:28","date_gmt":"2023-03-29T16:44:28","guid":{"rendered":"https:\/\/bisbalpenedes.com\/web\/?p=25404"},"modified":"2023-03-29T18:44:28","modified_gmt":"2023-03-29T16:44:28","slug":"el-proper-dilluns-3-dabril-a-les-13h-tindra-lloc-un-ple-extraordinari-a-lajuntament-de-la-bisbal-del-penedes","status":"publish","type":"post","link":"https:\/\/bisbalpenedes.com\/web\/2023\/03\/29\/el-proper-dilluns-3-dabril-a-les-13h-tindra-lloc-un-ple-extraordinari-a-lajuntament-de-la-bisbal-del-penedes\/","title":{"rendered":"El proper dilluns 3 d\u2019abril a les 13h tindr\u00e0 lloc un Ple extraordinari a l\u2019Ajuntament de la Bisbal del Pened\u00e8s"},"content":{"rendered":"\n<p>El proper dilluns 3 d\u2019abril, a les 13h, se celebrar\u00e0 un Ple extraordinari a l\u2019Ajuntament de la Bisbal el Pened\u00e8s amb el seg\u00fcent ordre del dia:<\/p>\n\n\n\n<p>1.-Renovaci\u00f3 del conveni de bus urb\u00e0.<\/p>\n\n\n\n<p>2.-Modificaci\u00f3 de cr\u00e8dit per a la millora del servei de bus, entre d\u2019altres.<\/p>\n\n\n\n<p>3.-Reconeixement extrajudicial de cr\u00e8dits.<\/p>\n\n\n\n<p>4.-Modificaci\u00f3 de normes per a la C-51.<\/p>\n\n\n\n<hr class=\"wp-block-separator has-alpha-channel-opacity\"\/>\n\n\n\n<p><strong>CASTELLANO |<\/strong> El pr\u00f3ximo lunes 3 de abril, a las 13h, se celebrar\u00e1 un Pleno extraordinario en el Ayuntamiento de la Bisbal del Pened\u00e8s con el siguiente orden del d\u00eda:<\/p>\n\n\n\n<p>1.-Renovaci\u00f3n del convenio de bus urbano.<\/p>\n\n\n\n<p>2.-Modificaci\u00f3n de cr\u00e9dito para la mejora del servicio de bus, entre otros.<\/p>\n\n\n\n<p>3.-Reconocimiento extrajudicial de cr\u00e9ditos.<\/p>\n\n\n\n<p>4.-Modificaci\u00f3n de normas para la C-51.<\/p>\n","protected":false},"excerpt":{"rendered":"<p>El proper dilluns 3 d\u2019abril, a les 13h, se celebrar\u00e0 un Ple extraordinari a l\u2019Ajuntament de la Bisbal el Pened\u00e8s amb el seg\u00fcent ordre del dia: 1.-Renovaci\u00f3 del conveni de &hellip; <a href=\"https:\/\/bisbalpenedes.com\/web\/2023\/03\/29\/el-proper-dilluns-3-dabril-a-les-13h-tindra-lloc-un-ple-extraordinari-a-lajuntament-de-la-bisbal-del-penedes\/\" class=\"more-link\">Read More<\/a><\/p>\n","protected":false},"author":4,"featured_media":20647,"comment_status":"closed","ping_status":"closed","sticky":false,"template":"","format":"standard","meta":[],"categories":[8,2251,2250],"tags":[459,393,423],"_links":{"self":[{"href":"https:\/\/bisbalpenedes.com\/web\/wp-json\/wp\/v2\/posts\/25404"}],"collection":[{"href":"https:\/\/bisbalpenedes.com\/web\/wp-json\/wp\/v2\/posts"}],"about":[{"href":"https:\/\/bisbalpenedes.com\/web\/wp-json\/wp\/v2\/types\/post"}],"author":[{"embeddable":true,"href":"https:\/\/bisbalpenedes.com\/web\/wp-json\/wp\/v2\/users\/4"}],"replies":[{"embeddable":true,"href":"https:\/\/bisbalpenedes.com\/web\/wp-json\/wp\/v2\/comments?post=25404"}],"version-history":[{"count":1,"href":"https:\/\/bisbalpenedes.com\/web\/wp-json\/wp\/v2\/posts\/25404\/revisions"}],"predecessor-version":[{"id":25405,"href":"https:\/\/bisbalpenedes.com\/web\/wp-json\/wp\/v2\/posts\/25404\/revisions\/25405"}],"wp:featuredmedia":[{"embeddable":true,"href":"https:\/\/bisbalpenedes.com\/web\/wp-json\/wp\/v2\/media\/20647"}],"wp:attachment":[{"href":"https:\/\/bisbalpenedes.com\/web\/wp-json\/wp\/v2\/media?parent=25404"}],"wp:term":[{"taxonomy":"category","embeddable":true,"href":"https:\/\/bisbalpenedes.com\/web\/wp-json\/wp\/v2\/categories?post=25404"},{"taxonomy":"post_tag","embeddable":true,"href":"https:\/\/bisbalpenedes.com\/web\/wp-json\/wp\/v2\/tags?post=25404"}],"curies":[{"name":"wp","href":"https:\/\/api.w.org\/{rel}","templated":true}]}}