{"id":25399,"date":"2023-03-29T12:45:43","date_gmt":"2023-03-29T10:45:43","guid":{"rendered":"https:\/\/bisbalpenedes.com\/web\/?p=25399"},"modified":"2023-03-29T12:48:06","modified_gmt":"2023-03-29T10:48:06","slug":"el-passat-dilluns-20-de-marc-va-tenir-lloc-el-darrer-ple-ordinari-del-mandat","status":"publish","type":"post","link":"https:\/\/bisbalpenedes.com\/web\/2023\/03\/29\/el-passat-dilluns-20-de-marc-va-tenir-lloc-el-darrer-ple-ordinari-del-mandat\/","title":{"rendered":"<strong>El passat dilluns 20 de mar\u00e7 va tenir lloc el darrer Ple ordinari del mandat<\/strong>"},"content":{"rendered":"\n<figure class=\"wp-block-embed is-type-video is-provider-youtube wp-block-embed-youtube wp-embed-aspect-16-9 wp-has-aspect-ratio\"><div class=\"wp-block-embed__wrapper\">\n<iframe loading=\"lazy\" title=\"Ajuntament de la Bisbal del Pened\u00e8s. Ple ordinari de 20 de mar\u00e7 de 2023\" width=\"1170\" height=\"658\" src=\"https:\/\/www.youtube.com\/embed\/zn5L4IF_dek?feature=oembed\" frameborder=\"0\" allow=\"accelerometer; autoplay; clipboard-write; encrypted-media; gyroscope; picture-in-picture; web-share\" allowfullscreen><\/iframe>\n<\/div><\/figure>\n\n\n\n<p>El passat dilluns 20 de mar\u00e7 es va celebrar el darrer Ple ordinari del mandat. El Ple va comptar amb l\u2019assist\u00e8ncia de tots els membres del Consistori i s\u2019hi van tractar els punts seg\u00fcents:<\/p>\n\n\n\n<p><strong>Punt 1.-Aprovaci\u00f3 de l\u2019acta del Ple ordinari del 19 de desembre de 2022.<\/strong><\/p>\n\n\n\n<p>Es va aprovar amb els vots a favor de Comprom\u00eds amb la Bisbal (6), PSC (2), Units per la Bisbal-FIC (1) i Ara la Bisbal (1) i l\u2019abstenci\u00f3 d\u2019ERC-AM (1).<\/p>\n\n\n\n<p><strong>Punt 2.- Aprovaci\u00f3 de l\u2019acta del Ple ordinari i urgent del 29 de desembre de 2022.<\/strong><\/p>\n\n\n\n<p>Es va aprovar per unanimitat.<\/p>\n\n\n\n<p><strong>Punt 3.-Aprovaci\u00f3 de l\u2019acta del Ple extraordinari del 5 de gener de 2023.<\/strong><\/p>\n\n\n\n<p>Es va aprovar amb els vots a favor de Comprom\u00eds amb la Bisbal (6), PSC (2), Ara la Bisbal (1) i ERC-AM (1) i l\u2019abstenci\u00f3 d\u2019Units per la Bisbal-FIC (1).<\/p>\n\n\n\n<p><strong>Punt 4.- Modificaci\u00f3 de les tarifes del bus urb\u00e0, mitjan\u00e7ant la modificaci\u00f3 de l\u2019ordenan\u00e7a fiscal n\u00famero 6 reguladora de la taxa per a la prestaci\u00f3 del servei de transport col\u00b7lectiu de viatgers.<\/strong><\/p>\n\n\n\n<p>Es va aprovar per unanimitat.<\/p>\n\n\n\n<p>El maig de 2021 va comen\u00e7ar un nou servei de bus urb\u00e0 mitjan\u00e7ant conveni amb la Generalitat, l\u2019empresa que gestiona la l\u00ednia comarcal i l\u2019Ajuntament de la Bisbal del Pened\u00e8s. Amb aquest nou servei, ha augmentat el nombre de viatgers de dins del municipi, es va incloure una nova parada a l\u2019Ortig\u00f3s (abans no n\u2019hi havia), es van incrementar els viatges del nucli a l\u2019Hospital del Vendrell tant d\u2019anada com de tornada i es va afegir un nou servei de viatges d\u2019urbanitzacions a l\u2019Hospital comarcal i al Vendrell, d\u2019anada i tornada.<\/p>\n\n\n\n<p>Els preus del servei de bus a la Bisbal del Pened\u00e8s es van modificar, per darrera vegada, el 2008. Ara l\u2019equip de govern ha elevat al Ple la proposta de rebaixar els preus, tenint en compte l\u2019increment exponencial de viatgers durant aquests darrers dos anys, per potenciar encara m\u00e9s l\u2019\u00fas del bus urb\u00e0 i comarcal. Alhora, ha establert la gratu\u00eftat per a les persones amb una discapacitat superior al 33%, tal com es va aprovar en mocions presentades per grups de l\u2019oposici\u00f3 en plens anteriors.<\/p>\n\n\n\n<p>Tarifes vigents:<\/p>\n\n\n\n<p>Tiquet senzill d\u2019un viatge: 1\u20ac<\/p>\n\n\n\n<p>Tiquet jubilat d\u2019un viatge: 0,60\u20ac<\/p>\n\n\n\n<p>Abonament de 10 viatges: 8\u20ac (0,80\u20ac el viatge)<\/p>\n\n\n\n<p>Noves tarifes:<\/p>\n\n\n\n<p>Tiquet senzill d\u20191 viatge: 1\u20ac<\/p>\n\n\n\n<p>Abonament de 10 viatges: 6\u20ac (0,60\u20ac el viatge)<\/p>\n\n\n\n<p>Abonament de 50 viatges: 25\u20ac (0,50\u20ac el viatge)<\/p>\n\n\n\n<p>Persones amb discapacitat superior al 33%: gratu\u00eftat del servei de bus urb\u00e0<\/p>\n\n\n\n<p>La regidora de Mobilitat i Ensenyament, Leo Uceda, va explicar que <em>\u201cun dels col\u00b7lectius que sortiran m\u00e9s beneficiats s\u00f3n els estudiants de l\u2019Institut Coster de la Torre, que s\u2019estalviaran 12\u20ac al mes, ja que agafen el bus urb\u00e0 per anar i tornar de l\u2019institut\u201d.<\/em><\/p>\n\n\n\n<p>Les noves tarifes entraran en vigor quan estiguin aprovades definitivament, despr\u00e9s de la seva exposici\u00f3 al p\u00fablic.<\/p>\n\n\n\n<p><strong>Punt 5.-Conveni de la Xarxa d\u2019autocaravanes del Baix Pened\u00e8s amb el Consell Comarcal del Baix Pened\u00e8s.<\/strong><\/p>\n\n\n\n<p>Es va aprovar amb els vots a favor de Comprom\u00eds amb la Bisbal (6), PSC (2) i Ara la Bisbal (1) i els vots en contra d\u2019Units per la Bisbal-FIC (1) i Ara la Bisbal (1).<\/p>\n\n\n\n<p>Tenint en compte l\u2019increment de l\u2019\u00fas de la caravana per viatjar dels darrers anys, s\u2019ha posat de manifest la necessitat d\u2019introduir les millores necess\u00e0ries en mat\u00e8ria de reglamentaci\u00f3, infraestructures, senyalitzaci\u00f3, serveis i planificaci\u00f3 tur\u00edstica sobre aquests vehicles, tractant-se d\u2019un sector en expansi\u00f3. Com que la Bisbal del Pened\u00e8s no disposa, en l\u2019actualitat, de cap servei per a l\u2019estacionament i pernoctaci\u00f3 d\u2019autocaravanes (ni p\u00fablic ni privat) ha elevat al Ple l\u2019aprovaci\u00f3 d\u2019un nou Conveni amb el Consell Comarcal del Baix Pened\u00e8s.<\/p>\n\n\n\n<p>El Ple ordinari del 19 de setembre de 2022 ja va aprovar un conveni amb el Consell Comarcal per la xarxa d\u2019autocaravanes. Aquest conveni era entre el Consell Comarcal del Baix Pened\u00e8s i els Ajuntaments d\u2019Albinyana, l\u2019Arbo\u00e7, Banyeres del Pened\u00e8s, la Bisbal del Pened\u00e8s, Bonastre, Cunit i Sant Jaume dels Domenys. Aquest projecte s\u2019havia d\u2019executar el 2022, per\u00f2 segons ha explicat la regidora de Turisme, Judith Vidal, <em>\u201cl\u2019increment de preus i el fet que no tots els municipis hagin fet els deures, ja que no havien aprovat el conveni a finals de 2022, ha fet que s\u2019hagi de revisar i tornar a aprovar\u201d.<\/em><\/p>\n\n\n\n<p>Per tant, l\u2019Ajuntament de la Bisbal ha elevat al Ple el conveni per formar part del projecte que far\u00e0 una ruta comarcal per captar turisme d\u2019autocaravanes amb l\u2019objectiu de desestacionalitzar l\u2019oferta tur\u00edstica de la comarca. A la Bisbal, l\u2019\u00e0rea constar\u00e0 de dues places per autocaravanes i estar\u00e0 ubicada a l\u2019avinguda Baix Pened\u00e8s, a l\u2019aparcament que tamb\u00e9 s\u2019utilitza per a l\u2019escola i la llar d\u2019infants.<\/p>\n\n\n\n<p>El Consell Comarcal del Baix Pened\u00e8s \u00e9s qui adequar\u00e0 aquest espai amb senyalitzaci\u00f3, incorporaci\u00f3 de senyals indicadors, la connexi\u00f3 dels borns de servei a les xarxes d\u2019aigua potable i de sanejament, la instal\u00b7laci\u00f3 d\u2019un punt d\u2019aigua i d\u2019un punt de recollida d\u2019aig\u00fces negres i d\u2019un espai de p\u00edcnic.<\/p>\n\n\n\n<p>El cost total del projecte aprovat el 2022 ascendia a 112.000\u20ac per\u00f2, amb la revisi\u00f3 de costos, en l\u2019actualitat ascendeix a 127.247,75\u20ac. L\u2019aportaci\u00f3 econ\u00f2mica de l\u2019Ajuntament de la Bisbal per a aquest any \u00e9s de 5.777,96\u20ac.<\/p>\n\n\n\n<p><strong>Punt 6.-Conveni de serveis socials (2023\/25) amb el Consell Comarcal del Baix Pened\u00e8s.<\/strong><\/p>\n\n\n\n<p>Es va aprovar per unanimitat.<\/p>\n\n\n\n<p>S\u2019aprova el Conveni de serveis socials 2023-2025 amb el Consell Comarcal del Baix Pened\u00e8s per un import de 81.000,97\u20ac per al 2023, que inclou:<\/p>\n\n\n\n<p>-Professionals i serveis socials b\u00e0sics: 46.356,41\u20ac<\/p>\n\n\n\n<p>-SAD (Servei d\u2019Atenci\u00f3 a la Dona): 6.492,97\u20ac<\/p>\n\n\n\n<p>-Teleassist\u00e8ncia (el conveni de la Creu Roja amb el CCBP en qu\u00e8 l\u2019Ajuntament assumeix el cost de les instal\u00b7lacions dels aparells de teleassist\u00e8ncia que estan activats al municipi)<\/p>\n\n\n\n<p>-Voluntariat (Servei Bon Dia i Rebost Solidari): previsi\u00f3 de cost anual de 45\u20ac<\/p>\n\n\n\n<p>-Servei d\u2019acolliment residencial d\u2019urg\u00e8ncia: 620,38\u20ac<\/p>\n\n\n\n<p>-Transport adaptat: 3.778,45\u20ac<\/p>\n\n\n\n<p>-Serveis d\u2019Intervenci\u00f3 socioeducativa (projecte SIS fam\u00edlies): 2.090,76\u20ac. A partir d\u2019aquest import, tamb\u00e9 cedim espais per al projecte.<\/p>\n\n\n\n<p>-Educadors\/es de medi obert, per a adolescents: 4.226\u20ac<\/p>\n\n\n\n<p>-Integradors\/es socials: 5.363\u20ac<\/p>\n\n\n\n<p>-Immigraci\u00f3: 1.512,46\u20ac<\/p>\n\n\n\n<p>-Servei Integral d\u2019Atenci\u00f3 a la Dona (SIAD): 2.458,94\u20ac Inclou coordinaci\u00f3, advocats, psic\u00f2loga i LGTBI.<\/p>\n\n\n\n<p>-Centre obert durant el curs escolar: 2.750\u20ac<\/p>\n\n\n\n<p>-\u201cPacto del estado\u201d contra la viol\u00e8ncia masclista: 3.381,84\u20ac<\/p>\n\n\n\n<p>-Envelliment: 622,78\u20ac. Servei nou.<\/p>\n\n\n\n<p>-Sensellarisme: 443,67\u20ac. Servei nou.<\/p>\n\n\n\n<p>-Banc de productes de suport: 265,65\u20ac. Servei nou.<\/p>\n\n\n\n<p>-Accessibilitat: 570,64\u20ac. Servei nou.<\/p>\n\n\n\n<p>-Curs de cuidadors: 32,03\u20ac. Servei nou.<\/p>\n\n\n\n<p>La regidora de Serveis Socials, Paqui Cepas, ha explicat que <em>\u201ca comen\u00e7aments de legislatura, el 2019, el conveni era de 70.578,16\u20ac. En aquests quatre anys hem incrementat la partida de serveis socials, gent gran i igualtat en 10.422,81\u20ac amb nous serveis per a la ciutadania\u201d.<\/em><\/p>\n\n\n\n<p>Val a dir que, l\u2019Ajuntament de la Bisbal del Pened\u00e8s -com molts altres municipis de la comarca del Baix Pened\u00e8s- t\u00e9 derivades les compet\u00e8ncies en mat\u00e8ria de serveis socials al Consell Comarcal. L\u2019\u00faltim contracte programa entre el Consell Comarcal del Baix Pened\u00e8s i la Generalitat de Catalunya va ser del per\u00edode 2016-2019 i durant els anys 2020, 2021, i 2022 es va anar prorrogant el conveni. A finals del 2022 el Consell Comarcal del Baix Pened\u00e8s va signar el Contracte programa 2022\/2025 amb el Departament de Drets Socials; el conveni de col\u00b7laboraci\u00f3 2022\/2025 amb l\u2019Institut Catal\u00e0 de les Dones i el conveni de col\u00b7laboraci\u00f3 2022\/2025 amb el Departament d\u2019Igualtat i Feminismes. Tot plegat, juntament amb les resolucions anuals del \u201cPrograma Temps de cures\u201d i del \u201cPacte d\u2019Estat contra la viol\u00e8ncia de g\u00e8nere\u201d han donat lloc al conveni que s\u2019ha aprovat en aquest Ple.<\/p>\n\n\n\n<p><strong>Punt 7.-Donar compte dels Decrets d\u2019alcaldia.<\/strong><\/p>\n\n\n\n<p>Es dona compte al Ple dels Decrets d\u2019alcaldia signats des del Ple ordinari de desembre fins a la convocat\u00f2ria d\u2019aquest Ple ordinari.<\/p>\n\n\n\n<p><strong>Punt 8.-Donar compte de les actes de la Junta de Govern.<\/strong><\/p>\n\n\n\n<p>Es dona compte de les actes de les Juntes de Govern des del darrer ple ordinari fins a aquest ple.<\/p>\n\n\n\n<p><strong>Punt 9.-Donar compte del Pla pressupostari a mitj\u00e0 termini (2024\/26)<\/strong><\/p>\n\n\n\n<p>Es dona compte al Ple del decret d\u2019alcaldia de 6 de mar\u00e7 d\u2019aprovaci\u00f3 del pla pressupostari a mitj\u00e0 termini per al per\u00edode 2024\/2026, que est\u00e0 a disposici\u00f3 dels regidors i regidores de la Corporaci\u00f3 des del dia de la signatura.<\/p>\n\n\n\n<p>Segons l\u2019article 6 de l\u2019Ordre HAP\/2105\/2012, per la qual es desenvolupen les obligacions de subministrament d\u2019informaci\u00f3 d\u2019acord amb l\u2019article 29 de la Llei org\u00e0nica 2\/2012, d\u2019estabilitat pressupost\u00e0ria i sostenibilitat financera, abans del 15 de mar\u00e7 de cada any els ajuntaments han de remetre la informaci\u00f3 sobre els plans pressupostaris a mitj\u00e0 termini, d\u2019acord amb la informaci\u00f3 sobre l\u2019objectiu d\u2019estabilitat pressupost\u00e0ria, el deute p\u00fablic i la regla de la despesa que subministri l\u2019Estat.<\/p>\n\n\n\n<p>Aquest Pla pressupostari preveu -amb les dades actuals- uns ingressos i despeses de 5 milions el 2024 i 2025 i de 4,8 milions el 2026.<\/p>\n\n\n\n<p><strong>Punt 10.-Donar compte de l\u2019execuci\u00f3 del 4t trimestre del pressupost del 2022.<\/strong><\/p>\n\n\n\n<p>Es dona compte de l\u2019informe d\u2019intervenci\u00f3 relatiu a l\u2019execuci\u00f3 trimestral del pressupost corresponent al quart trimestre de 2022, complint aix\u00ed amb l\u2019article 16 de l\u2019Ordre HAP\/2105\/2012, per la qual es desenvolupen les obligacions de subministrament d\u2019informaci\u00f3 previstes a la Llei org\u00e0nica 2\/2012, d\u2019estabilitat pressupost\u00e0ria i sostenibilitat financera.<\/p>\n\n\n\n<p>L\u2019Ajuntament va enviar -al Ministeri d\u2019Hisenda i Administracions P\u00fabliques- aquest informe d\u2019intervenci\u00f3, el 30 de gener de 2023.<\/p>\n\n\n\n<p><strong>Punt 11.-Donar compte del per\u00edode mitj\u00e0 de pagament del 4t trimestre de 2022.<\/strong><\/p>\n\n\n\n<p>Es dona compte al Ple del per\u00edode mitj\u00e0 de pagament del 4t trimestre del 2022, que \u00e9s de 18 dies. Com que \u00e9s inferior a 35 dies, l\u2019Ajuntament compleix amb el per\u00edode mitj\u00e0 de pagament a prove\u00efdors legalment previst.<\/p>\n\n\n\n<p><strong>Punt 12.-Donar compte de l\u2019informe de morositat del 2022.<\/strong><\/p>\n\n\n\n<p>Es dona compte al Ple de l\u2019informe d\u2019Intervenci\u00f3 sobre el control de la morositat a l\u2019exercici 2022. L\u2019Ajuntament ha complert l\u2019obligaci\u00f3 de presentar aquest informe al Ministeri d\u2019Hisenda el 13 de gener de 2023. L\u2019informe conclou que es compleix amb la normativa de morositat.<\/p>\n\n\n\n<p><strong>Punt 13.-Donar compte de l\u2019informe de control de les despeses pendents d\u2019aplicar a pressupostos.<\/strong><\/p>\n\n\n\n<p>Es dona compte al Ple de la Corporaci\u00f3 de l\u2019informe d\u2019Intervenci\u00f3 sobre el control de les despeses pendents d\u2019aplicar al pressupost de l\u2019exercici 2022. En data de 31 de desembre de 2022 hi ha tres despeses pendents d\u2019aplicar al pressupost 2022 per un total de 1.131,09\u20ac. Es tracta de tres factures registrades a finals d\u2019any que, per arribar en els darrers dies, no es va poder seguir el tr\u00e0mit de conformitat i aprovaci\u00f3, que es fa a comen\u00e7aments del nou any.<\/p>\n\n\n\n<p><strong>Punt 14.-Donar compte del Decret d\u2019alcaldia de liquidaci\u00f3 del pressupost de l\u2019any 2022.<\/strong><\/p>\n\n\n\n<p>Es dona compte al Ple del Decret d\u2019alcaldia del 14 de mar\u00e7 d\u2019aprovaci\u00f3 de la liquidaci\u00f3 del pressupost 2022, amb informe favorable d\u2019intervenci\u00f3. D\u2019aquest informe es destaquen les seg\u00fcents dades:<\/p>\n\n\n\n<p>Resultat pressupostari de l\u2019any 2022: 881.906,18\u20ac<\/p>\n\n\n\n<p>Romanent de tresoreria: 2.445.305,08\u20ac<\/p>\n\n\n\n<p>Deute: 0%<\/p>\n\n\n\n<p><strong>Punt 15.-Donar compte de l\u2019informe d\u2019intervenci\u00f3 del c\u00e0lcul d\u2019estabilitat pressupost\u00e0ria i de sostenibilitat financera.<\/strong><\/p>\n\n\n\n<p>Es dona compte al Ple de l\u2019informe d\u2019intervenci\u00f3 del c\u00e0lcul d\u2019estabilitat pressupost\u00e0ria i de sostenibilitat financera, de la liquidaci\u00f3 del pressupost de 2022, que conclou que l\u2019Ajuntament compleix amb:<\/p>\n\n\n\n<p>-L\u2019objectiu d\u2019estabilitat pressupost\u00e0ria<\/p>\n\n\n\n<p>-L\u2019objectiu de sostenibilitat financera<\/p>\n\n\n\n<p>-L\u2019objectiu del l\u00edmit de deute p\u00fablic, ja que l\u2019Ajuntament t\u00e9 deute zero i el m\u00e0xim establert \u00e9s del 110%.<\/p>\n\n\n\n<p><strong>Punt 16.-Donar compte de l\u2019informe d\u2019intervenci\u00f3 del c\u00e0lcul d\u2019estabilitat pressupost\u00e0ria.<\/strong><\/p>\n\n\n\n<p>Es dona compte al Ple de l\u2019informe d\u2019intervenci\u00f3 del c\u00e0lcul d\u2019estabilitat pressupost\u00e0ria del Decret del 14 de mar\u00e7, on s\u2019aprova la incorporaci\u00f3 dels romanents de cr\u00e8dits de l\u2019exercici 2022.<\/p>\n\n\n\n<p>Aquest informe conclou que no es compleix amb l\u2019estabilitat pressupost\u00e0ria en aquesta incorporaci\u00f3, tot i que es complir\u00e0 en el total anual.<\/p>\n\n\n\n<p><strong>Punt 17.-Donar compte de l\u2019informe d\u2019intervenci\u00f3 del c\u00e0lcul de l\u2019estabilitat pressupost\u00e0ria i la sostenibilitat financera dels pressupostos 2023.<\/strong><\/p>\n\n\n\n<p>Es dona compte al Ple d\u2019aquest informe que conclou que, l\u2019aprovaci\u00f3 del pressupost 2023 compleix l\u2019objectiu d\u2019estabilitat pressupost\u00e0ria i l\u2019objectiu de l\u00edmit de cr\u00e8dit,en tenir zero deute.<\/p>\n\n\n\n<p><strong>PRECS I PREGUNTES<\/strong><\/p>\n\n\n\n<hr class=\"wp-block-separator has-alpha-channel-opacity\"\/>\n\n\n\n<p><strong>CASTELLANO |<\/strong> El pasado lunes 20 de marzo se celebr\u00f3 el \u00faltimo Pleno ordinario del mandato. El Pleno cont\u00f3 con la asistencia de todos los miembros del Consistorio y se trataron los puntos siguientes:<\/p>\n\n\n\n<p><strong>Punto 1.-Aprobaci\u00f3n del acta del Pleno ordinario del 19 de diciembre de 2022.<\/strong><\/p>\n\n\n\n<p>&nbsp;Se aprob\u00f3 con los votos a favor de Comprom\u00eds amb la Bisbal (6), PSC (2), Units per la Bisbal-FIC (1) y Ara la Bisbal (1) y la abstenci\u00f3n de ERC-AM (1).<\/p>\n\n\n\n<p><strong>Punto 2.-Aprobaci\u00f3n del acta del Pleno ordinario y urgente del 29 de diciembre de 2022.<\/strong><\/p>\n\n\n\n<p>Se aprob\u00f3 por unanimidad.<\/p>\n\n\n\n<p><strong>Punto 3.-Aprobaci\u00f3n del acta del Pleno extraordinario del 5 de enero de 2023.<\/strong><\/p>\n\n\n\n<p>Se aprob\u00f3 con los votos a favor de Comprom\u00eds amb la Bisbal (6), PSC (2), Ara la Bisbal (1) y ERC-AM (1) y la abstenci\u00f3n de Units per la Bisbal-FIC (1).<\/p>\n\n\n\n<p><strong>Punto 4.-Modificaci\u00f3n de las tarifas del bus urbano, mediante la modificaci\u00f3n de la ordenanza fiscal n\u00famero 6 reguladora de la tasa para la prestaci\u00f3n del servicio de transporte colectivo de viajeros.<\/strong><\/p>\n\n\n\n<p>Se aprob\u00f3 por unanimidad.<\/p>\n\n\n\n<p>En mayo del 2021 empez\u00f3 un nuevo servicio de bus urbano mediante convenio con la Generalitat, la empresa que gestiona la l\u00ednea comarcal y el Ayuntamiento de la Bisbal del Pened\u00e8s. Con este nuevo servicio, ha aumentado el n\u00famero de viajeros de dentro del municipio, se incluy\u00f3 una nueva parada en el Ortig\u00f3s (antes no hab\u00eda), se incrementaron los viajes del n\u00facleo al Hospital del Vendrell tanto de ida como de vuelta y se a\u00f1adi\u00f3 un nuevo servicio de viajes de urbanizaciones al Hospital comarcal y al Vendrell, de ida y de vuelta.<\/p>\n\n\n\n<p>Los precios del servicio de bus en la Bisbal del Pened\u00e8s se modificaron, por \u00faltima vez, en el 2008. Ahora el equipo de gobierno ha elevado al Pleno la propuesta de rebajar los precios, teniendo en cuenta el incremento exponencial de viajeros durante estos \u00faltimos dos a\u00f1os, para potenciar todav\u00eda m\u00e1s el uso del bus urbano y comarcal. A la vez, se ha establecido la gratuidad para las personas con una discapacidad superior al 33%, tal como se aprob\u00f3 en mociones presentadas por grupos de la oposici\u00f3n en plenos anteriores.<\/p>\n\n\n\n<p>Tarifas vigentes:<\/p>\n\n\n\n<p>Tique sencillo de un viaje: 1\u20ac<\/p>\n\n\n\n<p>Tique jubilado de un viaje: 0,60\u20ac<\/p>\n\n\n\n<p>Bono de 10 viajes: 8\u20ac (0,80\u20ac el viaje)<\/p>\n\n\n\n<p>Nuevas tarifas:<\/p>\n\n\n\n<p>Tique sencillo de un viaje: 1\u20ac<\/p>\n\n\n\n<p>Bono de 10 viajes: 6\u20ac (0,60\u20ac el viaje)<\/p>\n\n\n\n<p>Bono de 50 viajes: 25\u20ac (0,50\u20ac el viaje)<\/p>\n\n\n\n<p>Personas con discapacidad superior al 33%: gratuidad del servicio de bus urbano<\/p>\n\n\n\n<p>La conecejala de Movilidad y Educaci\u00f3n, Leo Uceda, explic\u00f3 que <em>\u201cuno de los colectivos que saldr\u00e1n m\u00e1s beneficiados son los estudiantes del Instituto Coster de la Torre, que se ahorrar\u00e1n 12\u20ac al mes, ya que cogen el bus urbano para ir y volver del instituto\u201d.<\/em><\/p>\n\n\n\n<p>Las nuevas tarifas entrar\u00e1n en vigor cuando est\u00e9n aprobadas definitivamente, despu\u00e9s de su exposici\u00f3n al p\u00fablico.<\/p>\n\n\n\n<p><strong>Punto 5.-Convenio de la Red de autocaravanas del Baix Pened\u00e8s con el Consell Comarcal del Baix Pened\u00e8s.<\/strong><\/p>\n\n\n\n<p>Se aprob\u00f3 con los votos a favor de Comprom\u00eds amb la Bisbal (6), PSC (2) y Ara la Bisbal (1) y los votos en contra de Units per la Bisbal-FIC (1) y Ara la Bisbal (1).<\/p>\n\n\n\n<p>Teniendo en cuenta el incremento del uso de la caravana para viajar de los \u00faltimos a\u00f1os, se ha puesto de manifiesto la necesidad de introducir las mejoras necesarias en materia de reglamentaci\u00f3n, infraestructuras, se\u00f1alizaci\u00f3n, servicios y planificaci\u00f3n tur\u00edstica sobre estos veh\u00edculos, trat\u00e1ndose de un sector en expansi\u00f3n. Como que la Bisbal del Pened\u00e8s no dispone, en la actualidad, de ning\u00fan servicio para el estacionamiento y pernoctaci\u00f3n de autocaravanas (ni p\u00fablico ni privado) ha elevado al Pleno la aprobaci\u00f3n de un nuevo Convenio con el Consell Comarcal del Baix Pened\u00e8s.<br><br>El Pleno ordinario del 19 de septiembre de 2022 ya aprob\u00f3 un convenio con el Consell Comarcal para la red de autocaravanas. Este convenio era entre el Consell Comarcal del Baix Pened\u00e8s y los Ayuntamientos de Albinyana, l&#8217;Arbo\u00e7, Banyeres del Pened\u00e8s, la Bisbal del Pened\u00e8s, Bonastre, Cunit y Sant Jaume dels Domenys. Este proyecto se ten\u00eda que ejecutar en el 2022, pero seg\u00fan ha explicado la concejala de Turismo, Judith Vidal, <em>\u201cel incremento de precios y el hecho que no todos los municipios hayan hecho los deberes, puesto que no hab\u00edan aprobado el convenio a finales de 2022, ha hecho que se tenga que revisar y volver a aprobar\u201d.<\/em><br><br>Por lo tanto, el Ayuntamiento de la Bisbal ha elevado al Pleno el convenio para formar parte del proyecto que har\u00e1 una ruta comarcal para captar turismo de autocaravanas con el objetivo de&nbsp;desestacionalizar&nbsp;la oferta tur\u00edstica de la comarca. En la Bisbal, el \u00e1rea constar\u00e1 de dos plazas por autocaravanas y estar\u00e1 ubicada en la avenida Baix Pened\u00e8s, al aparcamiento que tambi\u00e9n se utiliza para la escuela y la guarder\u00eda.<br><br>El Consell Comarcal del Baix Pened\u00e8s es quien adecuar\u00e1 este espacio con se\u00f1alizaci\u00f3n, incorporaci\u00f3n de se\u00f1ales indicadoras, la conexi\u00f3n de los bornes de servicio en las redes de agua potable&nbsp;y&nbsp;de saneamiento, la instalaci\u00f3n de un punto de agua y de un punto de recogida de aguas negras y de un espacio de p\u00cdcnic.<br><br>El coste total del proyecto aprobado el 2022 ascend\u00eda a 112.000\u20ac pero, con la revisi\u00f3n de costes, en la actualidad asciende a 127.247,75\u20ac. La aportaci\u00f3n econ\u00f3mica del Ayuntamiento de la Bisbal para este a\u00f1o es de 5.777,96\u20ac.<\/p>\n\n\n\n<p><strong>Punto 6.-Convenio de servicios sociales (2023\/25) con el Consell Comarcal del Baix Pened\u00e8s.<\/strong><\/p>\n\n\n\n<p>Se aprob\u00f3 por unanimidad.<\/p>\n\n\n\n<p><br>Se aprueba el Convenio de servicios sociales 2023-2025 con el Consell Comarcal del Baix Pened\u00e8s por un importe de 81.000,97\u20ac para el 2023, que incluye:<br><br>-Profesionales y servicios sociales b\u00e1sicos: 46.356,41\u20ac<br>-SAD&nbsp;(Servicio de Atenci\u00f3n a la Mujer): 6.492,97\u20ac<br>-Teleasistencia (el convenio de la Cruz Roja con el&nbsp;CCBP&nbsp;en que el Ayuntamiento asume el coste de las instalaciones de los aparatos de teleasistencia que est\u00e1n activados en el municipio)<br>-Voluntariado (Servicio Bon dia y Rebost Solidari): previsi\u00f3n de coste anual de 45\u20ac<br>-Servicio de acogida residencial de urgencia: 620,38\u20ac<br>-Transporte adaptado: 3.778,45\u20ac<br>-Servicios de Intervenci\u00f3n socioeducativa (proyecto SIS fam\u00edlies): 2.090,76\u20ac. A partir de este importe, tambi\u00e9n cedemos espacios para el proyecto.<br>-Educadores\/se de medio abierto, para adolescentes: 4.226\u20ac<br>-Integradores\/se sociales: 5.363\u20ac<br>-Inmigraci\u00f3n: 1.512,46\u20ac<br>-Servicio Integral de Atenci\u00f3n a la Mujer (SIAD): 2.458,94\u20ac Incluye coordinaci\u00f3n, abogados, psic\u00f3loga y&nbsp;LGTBI.<br>-Centro abierto durante el curso escolar: 2.750\u20ac<br>-\u201cPacto del&nbsp;estado\u201d&nbsp;contra la violencia machista: 3.381,84\u20ac<br>-Envejecimiento: 622,78\u20ac. Servicio nuevo.<br>-Sinhogarismo: 443,67\u20ac. Servicio nuevo.<br>-Banco de productos de apoyo: 265,65\u20ac. Servicio nuevo.<br>-Accesibilidad: 570,64\u20ac. Servicio nuevo.<br>-Curso de cuidadores: 32,03\u20ac. Servicio nuevo.<br><br>La concejala de Servicios Sociales,&nbsp;Paqui&nbsp;Cepas, ha explicado que <em>\u201ca principios de legislatura, el 2019, el convenio era de 70.578,16\u20ac. En estos cuatro a\u00f1os hemos incrementado la partida de servicios sociales, gente mayor e igualdad en 10.422,81\u20ac con nuevos servicios para la ciudadan\u00eda\u201d.<br><\/em><br>Cabe decir que, el Ayuntamiento de la Bisbal del Pened\u00e8s -como otros muchos municipios de la comarca del Baix Pened\u00e8s- tiene derivadas las competencias en materia de servicios sociales al Consell Comarcal. El \u00faltimo contrato programa entre el Consell Comarcal del Baix Pened\u00e8s y la Generalitat de Catalu\u00f1a fue del periodo 2016-2019 y durante los a\u00f1os 2020, 2021, y 2022 se fue prorrogando el convenio. A finales del 2022 el Consell Comarcal del Baix Pened\u00e8s firm\u00f3 el Contrato programa 2022\/2025 con el Departamento de Derechos Sociales; el convenio de colaboraci\u00f3n 2022\/2025 con el Institut Catal\u00e0 de les Dones y el convenio de colaboraci\u00f3n 2022\/2025 con el Departamento de Igualdad y Feminismos. Todo ello, junto con las resoluciones anuales del \u201cPrograma Tiempo de curas\u201d y del \u201cPacto de Estado contra la violencia de g\u00e9nero\u201d han dado lugar al convenio que se ha aprobado en este Pleno.<\/p>\n\n\n\n<p><strong>Punto 7.-Dar cuenta de los Decretos de alcald\u00eda<\/strong><\/p>\n\n\n\n<p>Se da cuenta al Pleno de los Decretos de alcald\u00eda firmados desde el Pleno ordinario de diciembre hasta la convocatoria de este Pleno ordinario.<\/p>\n\n\n\n<p><strong>Punto 8.-Dar cuenta de las actas de la Junta de Gobierno.<\/strong><\/p>\n\n\n\n<p>Se da cuenta de las actas de las Juntas de Gobierno desde el \u00faltimo pleno ordinario hasta este pleno.<\/p>\n\n\n\n<p><strong>Punto 9.-Dar cuenta del Plan presupuestario a medio plazo (2024\/26)<\/strong><\/p>\n\n\n\n<p>Se da cuenta al Pleno del decreto de alcald\u00eda de 6 de marzo de aprobaci\u00f3n del plan presupuestario a medio plazo para el periodo 2024\/2026, que est\u00e1 a disposici\u00f3n de los concejales y concejalas de la Corporaci\u00f3n desde el d\u00eda de la firma.<\/p>\n\n\n\n<p>Seg\u00fan el art\u00edculo 6 de la Orden HAP\/2105\/2012, por la cual se desarrollan las obligaciones de suministro de informaci\u00f3n de acuerdo con el art\u00edculo 29 de la Ley org\u00e1nica 2\/2021, de estabilidad presupuestaria y sostenibilidad financiera, antes del 15 de marzo de cada a\u00f1o los ayuntamientos deben remitir la informaci\u00f3n sobre los planes presupuestarios a medio plazo, de acuerdo con la informaci\u00f3n sobre el objetivo de estabilidad presupuestaria, la deuda p\u00fablica y la regla del gasto que suministre el Estado.<\/p>\n\n\n\n<p>Este plan presupuestario prev\u00e9 -con los datos actuales- unos ingresos y gastos de 5 millones el 2024 y 2025 y 4,8 millones el 2026.<\/p>\n\n\n\n<p><strong>Punto 10.-Dar cuenta de la ejecuci\u00f3n del 4\u00ba trimestre del presupuesto del 2022.<\/strong><\/p>\n\n\n\n<p>Se da cuenta del informe de intervenci\u00f3n relativo a la ejecuci\u00f3n trimestral del presupuesto correspondiente al cuarto trimestre de 2022, cumpliendo as\u00ed con el art\u00edculo 16 de la Orden HAP\/2105\/2012, por la cual se desarrollan las obligaciones de suministro de informaci\u00f3n previstas en la Ley org\u00e1nica 2\/2012, de estabilidad presupuestaria y sostenibilidad financiera.<\/p>\n\n\n\n<p>El Ayuntamiento envi\u00f3 -al Ministerio de Hacienda y Administraciones P\u00fablicas- este informe de intervenci\u00f3n, el 30 de enero de 2023.<\/p>\n\n\n\n<p><strong>Punto 11.-Dar cuenta del periodo medio de pago del 4\u00ba trimestre de 2022.<\/strong><\/p>\n\n\n\n<p>Se da cuenta al Pleno del periodo medio de pago del 4\u00ba trimestre del 2022, que es de 18 d\u00edas. Como es inferior al 35 d\u00edas, el Ayuntamiento cumple con el periodo medio de pago a proveedores legalmente previsto.<\/p>\n\n\n\n<p><strong>Punto 12.-Dar cuenta del informe de morosidad del 2022.<\/strong><\/p>\n\n\n\n<p>Se da cuenta al Pleno del informe de intervenci\u00f3n sobre el control de la morosidad en el ejercicio 2022. El Ayuntamiento ha cumplido con la obligaci\u00f3n de presentar este informe al Ministerio de Hacienda el 13 de enero de 2023. El informe concluye que se cumple con la normativa de morosidad.<\/p>\n\n\n\n<p><strong>Punto 13.-Dar cuenta del informe de control de los gastos pendientes de aplicar a presupuestos.<\/strong><\/p>\n\n\n\n<p>Se da cuenta al Pleno de la Corporaci\u00f3n del informe de intervenci\u00f3n sobre el control de los gastos pendientes de aplicar al presupuesto del ejercicio 2022. En fecha de 31 de diciembre de 2022 hay tres gastos pendientes de aplicar al presupuesto 2022 por un total de 1.131,09\u20ac. Se trata de tres facturas registradas a finales de a\u00f1o que, al llegar en los \u00faltimos d\u00edas, no se pudo seguir el tr\u00e1mite de conformidad y aprobaci\u00f3n, que se hace a principios del a\u00f1o nuevo.<\/p>\n\n\n\n<p><strong>Punto 14.-Dar cuenta del Decreto de alcald\u00eda de liquidaci\u00f3n del presupuesto del a\u00f1o 2022.<\/strong><\/p>\n\n\n\n<p>Se da cuenta al Pleno del Decreto de alcald\u00eda del 14 de marzo de aprobaci\u00f3n de la liquidaci\u00f3n del presupuesto 2022, con informe favorable de intervenci\u00f3n. De este informe se destacan los siguientes datos:<\/p>\n\n\n\n<p>Resultado presupuestario del a\u00f1o 2022: 881.906,18\u20ac<\/p>\n\n\n\n<p>Remanente de tesorer\u00eda: 2.445.305,08\u20ac<\/p>\n\n\n\n<p>Deuda: 0%<\/p>\n\n\n\n<p><strong>Punto 15.-Dar cuenta del informe de intervenci\u00f3n del c\u00e1lculo de estabilidad presupuestaria y de sostenibilidad financiera.<\/strong><\/p>\n\n\n\n<p>Se da cuenta al Pleno del informe de intervenci\u00f3n del c\u00e1lculo de estabilidad presupuestaria y de sostenibilidad financiera, de la liquidaci\u00f3n del presupuesto del 2022, que concluye que el Ayuntamiento cumple con:<\/p>\n\n\n\n<p>-El objetivo de estabilidad presupuestaria<\/p>\n\n\n\n<p>-El objetivo de sostenibilidad financiera<\/p>\n\n\n\n<p>-El objetivo del l\u00edmite de deuda p\u00fablica, ya que el Ayuntamiento tiene deuda cero y el m\u00e1ximo establecido es del 110%.<\/p>\n\n\n\n<p><strong>Punto 16. Dar cuenta del informe de intervenci\u00f3n del c\u00e1lculo de estabilidad presupuestaria.<\/strong><\/p>\n\n\n\n<p>Se da cuenta al Pleno del informe de intervenci\u00f3n del c\u00e1lculo de estabilidad presupuestaria del Decreto del 14 de marzo, en el que se aprueba la incorporaci\u00f3n de los remanentes de cr\u00e9ditos del ejercicio 2022.<\/p>\n\n\n\n<p>Este informe concluye que no se cumple con la estabilidad presupuestaria en esta incorporaci\u00f3n, aunque se cumplir\u00e1 en el total anual.<\/p>\n\n\n\n<p><strong>Punto 17. Dar cuenta del informe de intervenci\u00f3n del c\u00e1lculo de estabilidad presupuestaria y la sostenibilidad financiera de los presupuestos 2022.<\/strong><\/p>\n\n\n\n<p>Se da cuenta al Pleno de este informe que concluye que, la aprobaci\u00f3n del presupuesto 2023 cumple el objetivo de estabilidad presupuestaria y el objetivo de l\u00edmite de cr\u00e9dito, al tener deuda cero.<\/p>\n\n\n\n<p><strong>RUEGOS Y PREGUNTAS.<\/strong><\/p>\n","protected":false},"excerpt":{"rendered":"<p>El passat dilluns 20 de mar\u00e7 es va celebrar el darrer Ple ordinari del mandat. El Ple va comptar amb l\u2019assist\u00e8ncia de tots els membres del Consistori i s\u2019hi van &hellip; <a href=\"https:\/\/bisbalpenedes.com\/web\/2023\/03\/29\/el-passat-dilluns-20-de-marc-va-tenir-lloc-el-darrer-ple-ordinari-del-mandat\/\" class=\"more-link\">Read More<\/a><\/p>\n","protected":false},"author":4,"featured_media":25400,"comment_status":"closed","ping_status":"closed","sticky":false,"template":"","format":"standard","meta":[],"categories":[8,2251,2250],"tags":[459,393,139],"_links":{"self":[{"href":"https:\/\/bisbalpenedes.com\/web\/wp-json\/wp\/v2\/posts\/25399"}],"collection":[{"href":"https:\/\/bisbalpenedes.com\/web\/wp-json\/wp\/v2\/posts"}],"about":[{"href":"https:\/\/bisbalpenedes.com\/web\/wp-json\/wp\/v2\/types\/post"}],"author":[{"embeddable":true,"href":"https:\/\/bisbalpenedes.com\/web\/wp-json\/wp\/v2\/users\/4"}],"replies":[{"embeddable":true,"href":"https:\/\/bisbalpenedes.com\/web\/wp-json\/wp\/v2\/comments?post=25399"}],"version-history":[{"count":3,"href":"https:\/\/bisbalpenedes.com\/web\/wp-json\/wp\/v2\/posts\/25399\/revisions"}],"predecessor-version":[{"id":25403,"href":"https:\/\/bisbalpenedes.com\/web\/wp-json\/wp\/v2\/posts\/25399\/revisions\/25403"}],"wp:featuredmedia":[{"embeddable":true,"href":"https:\/\/bisbalpenedes.com\/web\/wp-json\/wp\/v2\/media\/25400"}],"wp:attachment":[{"href":"https:\/\/bisbalpenedes.com\/web\/wp-json\/wp\/v2\/media?parent=25399"}],"wp:term":[{"taxonomy":"category","embeddable":true,"href":"https:\/\/bisbalpenedes.com\/web\/wp-json\/wp\/v2\/categories?post=25399"},{"taxonomy":"post_tag","embeddable":true,"href":"https:\/\/bisbalpenedes.com\/web\/wp-json\/wp\/v2\/tags?post=25399"}],"curies":[{"name":"wp","href":"https:\/\/api.w.org\/{rel}","templated":true}]}}