{"id":25393,"date":"2023-03-29T10:59:46","date_gmt":"2023-03-29T08:59:46","guid":{"rendered":"https:\/\/bisbalpenedes.com\/web\/?p=25393"},"modified":"2023-03-29T10:59:46","modified_gmt":"2023-03-29T08:59:46","slug":"ja-han-comencat-els-treballs-darranjament-i-repintat-dels-parcs-infantils-del-municipi","status":"publish","type":"post","link":"https:\/\/bisbalpenedes.com\/web\/2023\/03\/29\/ja-han-comencat-els-treballs-darranjament-i-repintat-dels-parcs-infantils-del-municipi\/","title":{"rendered":"Ja han comen\u00e7at els treballs d&#8217;arranjament i repintat dels parcs infantils del municipi"},"content":{"rendered":"\n<p>Ja s\u2019han comen\u00e7at a polir, repintar i reparar els elements existents als diferents parcs del municipi.<\/p>\n\n\n\n<p>Us adjuntem algunes fotografies dels treballs de la pla\u00e7a Pau Casals i del carrer Francesc Maci\u00e0.<\/p>\n\n\n\n<p>Tamb\u00e9 es faran treballs als parcs de F\u00e0tima, del local social de l\u2019Esplai, del local de Can Gordei, del carrer Cardener de Can Gordei i del carrer C\u00f3rdoba del Priorat (extra).<\/p>\n\n\n\n<hr class=\"wp-block-separator has-alpha-channel-opacity\"\/>\n\n\n\n<p>Ya se han empezado a pulir, repintar y reparar los elementos existentes en los distintos parques del municipio.<\/p>\n\n\n\n<p>Os adjuntamos algunas fotograf\u00edas de los trabajos de la plaza Pau Casals y de la calle Francesc Maci\u00e0.<\/p>\n\n\n\n<p>Tambi\u00e9n se har\u00e1n trabajos en los parques de F\u00e0tima, del local social del Esplai, del local social de Can Gordei, de la calle Cardener de Can Gordei y de la calle C\u00f3rdoba del Priorat (extra).<\/p>\n\n\n\n<figure class=\"wp-block-image size-large\"><img loading=\"lazy\" width=\"1024\" height=\"768\" src=\"https:\/\/bisbalpenedes.com\/web\/wp-content\/uploads\/2023\/03\/PHOTO-2023-03-27-12-47-08-1024x768.jpg\" alt=\"\" class=\"wp-image-25394\" srcset=\"https:\/\/bisbalpenedes.com\/web\/wp-content\/uploads\/2023\/03\/PHOTO-2023-03-27-12-47-08-1024x768.jpg 1024w, https:\/\/bisbalpenedes.com\/web\/wp-content\/uploads\/2023\/03\/PHOTO-2023-03-27-12-47-08-300x225.jpg 300w, https:\/\/bisbalpenedes.com\/web\/wp-content\/uploads\/2023\/03\/PHOTO-2023-03-27-12-47-08-768x576.jpg 768w, https:\/\/bisbalpenedes.com\/web\/wp-content\/uploads\/2023\/03\/PHOTO-2023-03-27-12-47-08-1536x1152.jpg 1536w, https:\/\/bisbalpenedes.com\/web\/wp-content\/uploads\/2023\/03\/PHOTO-2023-03-27-12-47-08-600x450.jpg 600w, https:\/\/bisbalpenedes.com\/web\/wp-content\/uploads\/2023\/03\/PHOTO-2023-03-27-12-47-08.jpg 1600w\" sizes=\"(max-width: 1024px) 100vw, 1024px\" \/><\/figure>\n\n\n\n<figure class=\"wp-block-image size-large\"><img loading=\"lazy\" width=\"1024\" height=\"768\" src=\"https:\/\/bisbalpenedes.com\/web\/wp-content\/uploads\/2023\/03\/PHOTO-2023-03-27-12-47-46-1024x768.jpg\" alt=\"\" class=\"wp-image-25395\" srcset=\"https:\/\/bisbalpenedes.com\/web\/wp-content\/uploads\/2023\/03\/PHOTO-2023-03-27-12-47-46-1024x768.jpg 1024w, https:\/\/bisbalpenedes.com\/web\/wp-content\/uploads\/2023\/03\/PHOTO-2023-03-27-12-47-46-300x225.jpg 300w, https:\/\/bisbalpenedes.com\/web\/wp-content\/uploads\/2023\/03\/PHOTO-2023-03-27-12-47-46-768x576.jpg 768w, https:\/\/bisbalpenedes.com\/web\/wp-content\/uploads\/2023\/03\/PHOTO-2023-03-27-12-47-46-1536x1152.jpg 1536w, https:\/\/bisbalpenedes.com\/web\/wp-content\/uploads\/2023\/03\/PHOTO-2023-03-27-12-47-46-600x450.jpg 600w, https:\/\/bisbalpenedes.com\/web\/wp-content\/uploads\/2023\/03\/PHOTO-2023-03-27-12-47-46.jpg 1600w\" sizes=\"(max-width: 1024px) 100vw, 1024px\" \/><\/figure>\n\n\n\n<figure class=\"wp-block-image size-large\"><img loading=\"lazy\" width=\"768\" height=\"1024\" src=\"https:\/\/bisbalpenedes.com\/web\/wp-content\/uploads\/2023\/03\/PHOTO-2023-03-27-12-48-03-768x1024.jpg\" alt=\"\" class=\"wp-image-25396\" srcset=\"https:\/\/bisbalpenedes.com\/web\/wp-content\/uploads\/2023\/03\/PHOTO-2023-03-27-12-48-03-768x1024.jpg 768w, https:\/\/bisbalpenedes.com\/web\/wp-content\/uploads\/2023\/03\/PHOTO-2023-03-27-12-48-03-225x300.jpg 225w, https:\/\/bisbalpenedes.com\/web\/wp-content\/uploads\/2023\/03\/PHOTO-2023-03-27-12-48-03-1152x1536.jpg 1152w, https:\/\/bisbalpenedes.com\/web\/wp-content\/uploads\/2023\/03\/PHOTO-2023-03-27-12-48-03-600x800.jpg 600w, https:\/\/bisbalpenedes.com\/web\/wp-content\/uploads\/2023\/03\/PHOTO-2023-03-27-12-48-03.jpg 1200w\" sizes=\"(max-width: 768px) 100vw, 768px\" \/><\/figure>\n","protected":false},"excerpt":{"rendered":"<p>Ja s\u2019han comen\u00e7at a polir, repintar i reparar els elements existents als diferents parcs del municipi. Us adjuntem algunes fotografies dels treballs de la pla\u00e7a Pau Casals i del carrer &hellip; <a href=\"https:\/\/bisbalpenedes.com\/web\/2023\/03\/29\/ja-han-comencat-els-treballs-darranjament-i-repintat-dels-parcs-infantils-del-municipi\/\" class=\"more-link\">Read More<\/a><\/p>\n","protected":false},"author":4,"featured_media":25397,"comment_status":"closed","ping_status":"closed","sticky":false,"template":"","format":"standard","meta":[],"categories":[3482,8],"tags":[459,198,896,393,3904,520],"_links":{"self":[{"href":"https:\/\/bisbalpenedes.com\/web\/wp-json\/wp\/v2\/posts\/25393"}],"collection":[{"href":"https:\/\/bisbalpenedes.com\/web\/wp-json\/wp\/v2\/posts"}],"about":[{"href":"https:\/\/bisbalpenedes.com\/web\/wp-json\/wp\/v2\/types\/post"}],"author":[{"embeddable":true,"href":"https:\/\/bisbalpenedes.com\/web\/wp-json\/wp\/v2\/users\/4"}],"replies":[{"embeddable":true,"href":"https:\/\/bisbalpenedes.com\/web\/wp-json\/wp\/v2\/comments?post=25393"}],"version-history":[{"count":1,"href":"https:\/\/bisbalpenedes.com\/web\/wp-json\/wp\/v2\/posts\/25393\/revisions"}],"predecessor-version":[{"id":25398,"href":"https:\/\/bisbalpenedes.com\/web\/wp-json\/wp\/v2\/posts\/25393\/revisions\/25398"}],"wp:featuredmedia":[{"embeddable":true,"href":"https:\/\/bisbalpenedes.com\/web\/wp-json\/wp\/v2\/media\/25397"}],"wp:attachment":[{"href":"https:\/\/bisbalpenedes.com\/web\/wp-json\/wp\/v2\/media?parent=25393"}],"wp:term":[{"taxonomy":"category","embeddable":true,"href":"https:\/\/bisbalpenedes.com\/web\/wp-json\/wp\/v2\/categories?post=25393"},{"taxonomy":"post_tag","embeddable":true,"href":"https:\/\/bisbalpenedes.com\/web\/wp-json\/wp\/v2\/tags?post=25393"}],"curies":[{"name":"wp","href":"https:\/\/api.w.org\/{rel}","templated":true}]}}