{"id":25387,"date":"2023-03-28T14:46:58","date_gmt":"2023-03-28T12:46:58","guid":{"rendered":"https:\/\/bisbalpenedes.com\/web\/?p=25387"},"modified":"2023-03-28T14:46:58","modified_gmt":"2023-03-28T12:46:58","slug":"ladf-clot-de-bou-estrena-un-nou-vehicle-que-permetra-que-la-unitat-guanyi-en-eficiencia-en-les-tasques-dextincio-de-focs","status":"publish","type":"post","link":"https:\/\/bisbalpenedes.com\/web\/2023\/03\/28\/ladf-clot-de-bou-estrena-un-nou-vehicle-que-permetra-que-la-unitat-guanyi-en-eficiencia-en-les-tasques-dextincio-de-focs\/","title":{"rendered":"L&#8217;ADF Clot de Bou estrena un nou vehicle que permetr\u00e0 que la unitat guanyi en efici\u00e8ncia en les tasques d&#8217;extinci\u00f3 de focs"},"content":{"rendered":"\n<p>L\u2019ADF Clot de Bou ha presentat un nou vehicle equipat aquest cap de setmana. Es tracta del BRP 203, que permetr\u00e0 dotar l\u2019ADF de m\u00e9s agilitat i versatilitat amb l\u2019objectiu de guanyar en efici\u00e8ncia en les tasques d\u2019extinci\u00f3 de focs. De fet, segons fonts de l\u2019ADF, aquest vehicle \u201cmultiplica la nostra capacitat operativa i d\u2019extinci\u00f3, tant en els incendis de la nostra comarca com en els grans incendis forestals que es produeixen al nostre pa\u00eds\u201d.&nbsp;<\/p>\n\n\n\n<p>L\u2019adquisici\u00f3 d\u2019aquest nou vehicle \u00e9s una molt bona not\u00edcia per al territori, tenint en compte que ens trobem en situaci\u00f3 de sequera per la manca de pluges i amb un risc d\u2019incendis molt elevat.<\/p>\n\n\n\n<p>La presentaci\u00f3 d\u2019aquest nou vehicle es va fer el diumenge passat a Albinyana i va comptar amb la pres\u00e8ncia de diverses autoritats del territori. Entre els assistents hi va haver la segona tinenta d\u2019alcaldia i regidora de Medi Ambient de l\u2019Ajuntament de la Bisbal del Pened\u00e8s, Leo Uceda; i el regidor de Sanitat, Feliu Gil.\u00a0<\/p>\n\n\n\n<figure class=\"wp-block-image size-large\"><img loading=\"lazy\" width=\"1024\" height=\"576\" src=\"https:\/\/bisbalpenedes.com\/web\/wp-content\/uploads\/2023\/03\/PHOTO-2023-03-27-10-13-51-2-1024x576.jpg\" alt=\"\" class=\"wp-image-25388\" srcset=\"https:\/\/bisbalpenedes.com\/web\/wp-content\/uploads\/2023\/03\/PHOTO-2023-03-27-10-13-51-2-1024x576.jpg 1024w, https:\/\/bisbalpenedes.com\/web\/wp-content\/uploads\/2023\/03\/PHOTO-2023-03-27-10-13-51-2-300x169.jpg 300w, https:\/\/bisbalpenedes.com\/web\/wp-content\/uploads\/2023\/03\/PHOTO-2023-03-27-10-13-51-2-768x432.jpg 768w, https:\/\/bisbalpenedes.com\/web\/wp-content\/uploads\/2023\/03\/PHOTO-2023-03-27-10-13-51-2-1536x864.jpg 1536w, https:\/\/bisbalpenedes.com\/web\/wp-content\/uploads\/2023\/03\/PHOTO-2023-03-27-10-13-51-2-600x338.jpg 600w, https:\/\/bisbalpenedes.com\/web\/wp-content\/uploads\/2023\/03\/PHOTO-2023-03-27-10-13-51-2.jpg 1600w\" sizes=\"(max-width: 1024px) 100vw, 1024px\" \/><\/figure>\n\n\n\n<figure class=\"wp-block-image size-large\"><img loading=\"lazy\" width=\"1024\" height=\"576\" src=\"https:\/\/bisbalpenedes.com\/web\/wp-content\/uploads\/2023\/03\/PHOTO-2023-03-27-10-13-52-3-1024x576.jpg\" alt=\"\" class=\"wp-image-25389\" srcset=\"https:\/\/bisbalpenedes.com\/web\/wp-content\/uploads\/2023\/03\/PHOTO-2023-03-27-10-13-52-3-1024x576.jpg 1024w, https:\/\/bisbalpenedes.com\/web\/wp-content\/uploads\/2023\/03\/PHOTO-2023-03-27-10-13-52-3-300x169.jpg 300w, https:\/\/bisbalpenedes.com\/web\/wp-content\/uploads\/2023\/03\/PHOTO-2023-03-27-10-13-52-3-768x432.jpg 768w, https:\/\/bisbalpenedes.com\/web\/wp-content\/uploads\/2023\/03\/PHOTO-2023-03-27-10-13-52-3-1536x864.jpg 1536w, https:\/\/bisbalpenedes.com\/web\/wp-content\/uploads\/2023\/03\/PHOTO-2023-03-27-10-13-52-3-600x338.jpg 600w, https:\/\/bisbalpenedes.com\/web\/wp-content\/uploads\/2023\/03\/PHOTO-2023-03-27-10-13-52-3.jpg 1600w\" sizes=\"(max-width: 1024px) 100vw, 1024px\" \/><\/figure>\n\n\n\n<hr class=\"wp-block-separator has-alpha-channel-opacity\"\/>\n\n\n\n<p>La ADF Clot de Bou ha presentado un nuevo veh\u00edculo equipado este fin de semana. Se trata del BRP 203, que permitir\u00e1 dotar la ADF de m\u00e1s agilidad y versatilidad con el objetivo de ganar en eficiencia en los trabajos de extinci\u00f3n de fuegos. De hecho, seg\u00fan fuentes de la ADF, este veh\u00edculo \u201cmultiplica nuestra capacidad operativa y de extinci\u00f3n, tanto en los incendios de nuestra comarca como en los grandes incendios forestales que se producen en nuestro pa\u00eds\u201d.<\/p>\n\n\n\n<p>La adquisici\u00f3n de este nuevo veh\u00edculo es una muy buena noticia para el territorio, teniendo en cuenta que nos encontramos en situaci\u00f3n de sequ\u00eda por la falta de lluvias y con un riesgo de incendios muy elevado.&nbsp;<\/p>\n\n\n\n<p>La presentaci\u00f3n de este nuevo veh\u00edculo se hizo el domingo pasado en Albinyana y cont\u00f3 con la presencia de varias autoridades del territorio. Entre los asistentes hubo la segunda teniente de alcald\u00eda y concejala de Medio Ambiente del Ayuntamiento de la Bisbal del Pened\u00e8s, Leo Uceda; y el concejal de Sanidad, Feliu Gil.<\/p>\n","protected":false},"excerpt":{"rendered":"<p>L\u2019ADF Clot de Bou ha presentat un nou vehicle equipat aquest cap de setmana. Es tracta del BRP 203, que permetr\u00e0 dotar l\u2019ADF de m\u00e9s agilitat i versatilitat amb l\u2019objectiu &hellip; <a href=\"https:\/\/bisbalpenedes.com\/web\/2023\/03\/28\/ladf-clot-de-bou-estrena-un-nou-vehicle-que-permetra-que-la-unitat-guanyi-en-eficiencia-en-les-tasques-dextincio-de-focs\/\" class=\"more-link\">Read More<\/a><\/p>\n","protected":false},"author":4,"featured_media":25390,"comment_status":"closed","ping_status":"closed","sticky":false,"template":"","format":"standard","meta":[],"categories":[32,8],"tags":[884,459,5926,5925,393,5927],"_links":{"self":[{"href":"https:\/\/bisbalpenedes.com\/web\/wp-json\/wp\/v2\/posts\/25387"}],"collection":[{"href":"https:\/\/bisbalpenedes.com\/web\/wp-json\/wp\/v2\/posts"}],"about":[{"href":"https:\/\/bisbalpenedes.com\/web\/wp-json\/wp\/v2\/types\/post"}],"author":[{"embeddable":true,"href":"https:\/\/bisbalpenedes.com\/web\/wp-json\/wp\/v2\/users\/4"}],"replies":[{"embeddable":true,"href":"https:\/\/bisbalpenedes.com\/web\/wp-json\/wp\/v2\/comments?post=25387"}],"version-history":[{"count":1,"href":"https:\/\/bisbalpenedes.com\/web\/wp-json\/wp\/v2\/posts\/25387\/revisions"}],"predecessor-version":[{"id":25391,"href":"https:\/\/bisbalpenedes.com\/web\/wp-json\/wp\/v2\/posts\/25387\/revisions\/25391"}],"wp:featuredmedia":[{"embeddable":true,"href":"https:\/\/bisbalpenedes.com\/web\/wp-json\/wp\/v2\/media\/25390"}],"wp:attachment":[{"href":"https:\/\/bisbalpenedes.com\/web\/wp-json\/wp\/v2\/media?parent=25387"}],"wp:term":[{"taxonomy":"category","embeddable":true,"href":"https:\/\/bisbalpenedes.com\/web\/wp-json\/wp\/v2\/categories?post=25387"},{"taxonomy":"post_tag","embeddable":true,"href":"https:\/\/bisbalpenedes.com\/web\/wp-json\/wp\/v2\/tags?post=25387"}],"curies":[{"name":"wp","href":"https:\/\/api.w.org\/{rel}","templated":true}]}}