{"id":25381,"date":"2023-03-28T14:14:29","date_gmt":"2023-03-28T12:14:29","guid":{"rendered":"https:\/\/bisbalpenedes.com\/web\/?p=25381"},"modified":"2023-03-28T14:33:40","modified_gmt":"2023-03-28T12:33:40","slug":"preinscripcions-i-portes-obertes-a-la-llar-dinfants-municipal-loreneta","status":"publish","type":"post","link":"https:\/\/bisbalpenedes.com\/web\/2023\/03\/28\/preinscripcions-i-portes-obertes-a-la-llar-dinfants-municipal-loreneta\/","title":{"rendered":"Preinscripcions i portes obertes a la Llar d&#8217;infants municipal l&#8217;Oreneta"},"content":{"rendered":"\n<p>Del 8 al 19 de maig podreu fer les preinscripcions per al curs 2023-2024 de la Llar d&#8217;infants municipal L&#8217;Oreneta.<\/p>\n\n\n\n<p>La jornada de portes obertes es far\u00e0 el dimecres 3 de maig a partir de les 17:45h.<\/p>\n\n\n\n<p>Per a m\u00e9s informaci\u00f3, accediu a l&#8217;enlla\u00e7:&nbsp;<a href=\"http:\/\/www.llardinfantsloreneta.cat\/\">http:\/\/www.llardinfantsloreneta.cat\/<\/a><\/p>\n\n\n\n<hr class=\"wp-block-separator has-alpha-channel-opacity\"\/>\n\n\n\n<p>Del 8 al 19 de mayo podr\u00e9is hacer las preinscripciones para el curso 2023-2024 de la Guarder\u00eda municipal L&#8217;Oreneta.<\/p>\n\n\n\n<p>La jornada de puertas abiertas se har\u00e1 el mi\u00e9rcoles 3 de mayo a partir de las 17:45h.<\/p>\n\n\n\n<p>Para m\u00e1s informaci\u00f3n, acceded al enlace:&nbsp;<a href=\"http:\/\/www.llardinfantsloreneta.cat\/\">http:\/\/www.llardinfantsloreneta.cat\/<\/a><\/p>\n","protected":false},"excerpt":{"rendered":"<p>Del 8 al 19 de maig podreu fer les preinscripcions per al curs 2023-2024 de la Llar d&#8217;infants municipal L&#8217;Oreneta. La jornada de portes obertes es far\u00e0 el dimecres 3 &hellip; <a href=\"https:\/\/bisbalpenedes.com\/web\/2023\/03\/28\/preinscripcions-i-portes-obertes-a-la-llar-dinfants-municipal-loreneta\/\" class=\"more-link\">Read More<\/a><\/p>\n","protected":false},"author":4,"featured_media":25384,"comment_status":"closed","ping_status":"closed","sticky":false,"template":"","format":"standard","meta":[],"categories":[16,3456,8],"tags":[5924,1090,393,1540,1413],"_links":{"self":[{"href":"https:\/\/bisbalpenedes.com\/web\/wp-json\/wp\/v2\/posts\/25381"}],"collection":[{"href":"https:\/\/bisbalpenedes.com\/web\/wp-json\/wp\/v2\/posts"}],"about":[{"href":"https:\/\/bisbalpenedes.com\/web\/wp-json\/wp\/v2\/types\/post"}],"author":[{"embeddable":true,"href":"https:\/\/bisbalpenedes.com\/web\/wp-json\/wp\/v2\/users\/4"}],"replies":[{"embeddable":true,"href":"https:\/\/bisbalpenedes.com\/web\/wp-json\/wp\/v2\/comments?post=25381"}],"version-history":[{"count":2,"href":"https:\/\/bisbalpenedes.com\/web\/wp-json\/wp\/v2\/posts\/25381\/revisions"}],"predecessor-version":[{"id":25385,"href":"https:\/\/bisbalpenedes.com\/web\/wp-json\/wp\/v2\/posts\/25381\/revisions\/25385"}],"wp:featuredmedia":[{"embeddable":true,"href":"https:\/\/bisbalpenedes.com\/web\/wp-json\/wp\/v2\/media\/25384"}],"wp:attachment":[{"href":"https:\/\/bisbalpenedes.com\/web\/wp-json\/wp\/v2\/media?parent=25381"}],"wp:term":[{"taxonomy":"category","embeddable":true,"href":"https:\/\/bisbalpenedes.com\/web\/wp-json\/wp\/v2\/categories?post=25381"},{"taxonomy":"post_tag","embeddable":true,"href":"https:\/\/bisbalpenedes.com\/web\/wp-json\/wp\/v2\/tags?post=25381"}],"curies":[{"name":"wp","href":"https:\/\/api.w.org\/{rel}","templated":true}]}}