{"id":25375,"date":"2023-03-28T11:28:21","date_gmt":"2023-03-28T09:28:21","guid":{"rendered":"https:\/\/bisbalpenedes.com\/web\/?p=25375"},"modified":"2023-03-28T11:28:21","modified_gmt":"2023-03-28T09:28:21","slug":"el-regidor-de-sanitat-entrega-a-lescola-ull-de-vent-els-estotjos-del-programa-dents-fortes-i-sanes-2","status":"publish","type":"post","link":"https:\/\/bisbalpenedes.com\/web\/2023\/03\/28\/el-regidor-de-sanitat-entrega-a-lescola-ull-de-vent-els-estotjos-del-programa-dents-fortes-i-sanes-2\/","title":{"rendered":"<strong>El regidor de Sanitat entrega a l\u2019Escola Ull de Vent els estotjos del programa Dents Fortes i Sanes<\/strong>"},"content":{"rendered":"\n<p>El regidor de Sanitat, Feliu Gil, ha fet entrega dels estotjos del programa Dents Fortes i Sanes 2023 al director de l\u2019Escola Ull de Vent, \u00c0ngel Espinosa, aquesta setmana.&nbsp;<\/p>\n\n\n\n<p>El material que s\u2019entrega als alumnes est\u00e0 format per un estoig de pl\u00e0stic perforat -per evitar la humitat- amb un espai reservat per identificar-lo amb el nom i la classe de l\u2019infant. Dins de l\u2019estoig hi va un raspall petit de filaments suaus i un tub de pasta dental fluorada. A m\u00e9s, s\u2019inclou un fullet\u00f3 amb l\u2019explicaci\u00f3 de com mantenir una bona higiene bucodental.<\/p>\n\n\n\n<p>El programa Dents Fortes i Sanes \u00e9s una iniciativa de l\u2019Ag\u00e8ncia de Salut P\u00fablica de Catalunya per a la prevenci\u00f3 de la c\u00e0ries. \u00c9s un programa que se centra en potenciar el raspallat de les dents com a h\u00e0bit de salut bucodental essencial.<\/p>\n\n\n\n<hr class=\"wp-block-separator has-alpha-channel-opacity\"\/>\n\n\n\n<p>El concejal de Sanidad, Feliu Gil, ha entregado de los estuches del programa Dientes Fuertes y Sanos 2023 al director de la Escuela Ull de Vent, \u00c0ngel Espinosa, esta semana.&nbsp;<\/p>\n\n\n\n<p>El material que se entrega a los alumnos est\u00e1 formado por un estuche de pl\u00e1stico perforado -para evitar la humedad- con un espacio reservado para identificar-lo con el nombre y la clase del alumno. Dentro del estuche hay un cepillo peque\u00f1o de filamentos suaves y un tubo de pasta dental fluorada. Adem\u00e1s, se incluye un folleto con la explicaci\u00f3n de c\u00f3mo mantener una buena higiene bucodental.<\/p>\n\n\n\n<p>El programa Dientes Fuertes y Sanos es una iniciativa de la Agencia de Salud P\u00fablica de Catalunya para la prevenci\u00f3n de la caries. Es un programa que se centra en potenciar el cepillado de los dientes como h\u00e1bito de salud bucodental esencial.<\/p>\n","protected":false},"excerpt":{"rendered":"<p>El regidor de Sanitat, Feliu Gil, ha fet entrega dels estotjos del programa Dents Fortes i Sanes 2023 al director de l\u2019Escola Ull de Vent, \u00c0ngel Espinosa, aquesta setmana.&nbsp; El &hellip; <a href=\"https:\/\/bisbalpenedes.com\/web\/2023\/03\/28\/el-regidor-de-sanitat-entrega-a-lescola-ull-de-vent-els-estotjos-del-programa-dents-fortes-i-sanes-2\/\" class=\"more-link\">Read More<\/a><\/p>\n","protected":false},"author":4,"featured_media":25376,"comment_status":"closed","ping_status":"closed","sticky":false,"template":"","format":"standard","meta":[],"categories":[8,14],"tags":[862,337,5923,393,5922,28],"_links":{"self":[{"href":"https:\/\/bisbalpenedes.com\/web\/wp-json\/wp\/v2\/posts\/25375"}],"collection":[{"href":"https:\/\/bisbalpenedes.com\/web\/wp-json\/wp\/v2\/posts"}],"about":[{"href":"https:\/\/bisbalpenedes.com\/web\/wp-json\/wp\/v2\/types\/post"}],"author":[{"embeddable":true,"href":"https:\/\/bisbalpenedes.com\/web\/wp-json\/wp\/v2\/users\/4"}],"replies":[{"embeddable":true,"href":"https:\/\/bisbalpenedes.com\/web\/wp-json\/wp\/v2\/comments?post=25375"}],"version-history":[{"count":1,"href":"https:\/\/bisbalpenedes.com\/web\/wp-json\/wp\/v2\/posts\/25375\/revisions"}],"predecessor-version":[{"id":25377,"href":"https:\/\/bisbalpenedes.com\/web\/wp-json\/wp\/v2\/posts\/25375\/revisions\/25377"}],"wp:featuredmedia":[{"embeddable":true,"href":"https:\/\/bisbalpenedes.com\/web\/wp-json\/wp\/v2\/media\/25376"}],"wp:attachment":[{"href":"https:\/\/bisbalpenedes.com\/web\/wp-json\/wp\/v2\/media?parent=25375"}],"wp:term":[{"taxonomy":"category","embeddable":true,"href":"https:\/\/bisbalpenedes.com\/web\/wp-json\/wp\/v2\/categories?post=25375"},{"taxonomy":"post_tag","embeddable":true,"href":"https:\/\/bisbalpenedes.com\/web\/wp-json\/wp\/v2\/tags?post=25375"}],"curies":[{"name":"wp","href":"https:\/\/api.w.org\/{rel}","templated":true}]}}