{"id":25361,"date":"2023-03-27T20:34:05","date_gmt":"2023-03-27T18:34:05","guid":{"rendered":"https:\/\/bisbalpenedes.com\/web\/?p=25361"},"modified":"2023-03-27T20:34:05","modified_gmt":"2023-03-27T18:34:05","slug":"lajuntament-de-la-bisbal-del-penedes-ha-estat-present-a-la-fira-docupacio-de-tarragona","status":"publish","type":"post","link":"https:\/\/bisbalpenedes.com\/web\/2023\/03\/27\/lajuntament-de-la-bisbal-del-penedes-ha-estat-present-a-la-fira-docupacio-de-tarragona\/","title":{"rendered":"L&#8217;Ajuntament de la Bisbal del Pened\u00e8s ha estat present a la Fira d&#8217;Ocupaci\u00f3 de Tarragona"},"content":{"rendered":"\n<p><sub><strong>D&#8217;esquerra a dreta:<\/strong> Paqui Cepas, regidora de Serveis Socials; Josep Oriol Fern\u00e1ndez, director de formaci\u00f3 de la Cambra de Comer\u00e7; Laura Roig\u00e9, presidenta de la Cambra de Comer\u00e7 de Tarragona; Agn\u00e8s Ferr\u00e9, alcaldessa de la Bisbal del Pened\u00e8s; Judith Vidal, primera tinenta d&#8217;alcaldia de l&#8217;Ajuntament de la Bisbal del Pened\u00e8s; i Jordi C\u00e1ceres, el representant de projectes i competitivitat de la Cambra.<\/sub><\/p>\n\n\n\n<p>L\u2019alcaldessa de la Bisbal del Pened\u00e8s, Agn\u00e8s Ferr\u00e9; la primera tinenta d\u2019alcaldia, Judith Vidal; i la regidora de Serveis Socials, Paqui Cepas; van assistir a la Fira d\u2019Ocupaci\u00f3 de Tarragona el passat dijous 16 de mar\u00e7.<\/p>\n\n\n\n<p>La fira tamb\u00e9 va comptar amb la pres\u00e8ncia de diversos bisbalencs i bisbalenques inscrits al <a href=\"https:\/\/www.facebook.com\/sombisbal?__cft__[0]=AZXtExbm_bH5wYRvc8Z3W_FIehcLYpuc7Y7AojP6AisD8xmiCL27-2HtGCrh7TpPX99ondSrvtlaq-ADVFtMa2XKm2ok9zffrftMWnIe2cYAfWVuxn3U3DNFVkJLaz5bxxo&amp;__tn__=-]K-R\">SOM Bisbal<\/a> per a la recerca de feina, que van poder informar-se i parlar amb les m\u00e9s de setanta empreses que van formar part d\u2019aquesta fira impulsada per la Cambra de Tarragona, un esdeveniment que posa en contacte empreses i demandants de feina.<\/p>\n\n\n\n<hr class=\"wp-block-separator has-alpha-channel-opacity\"\/>\n\n\n\n<p><strong>CASTELLANO |&nbsp;<\/strong>La alcaldesa de la Bisbal del Pened\u00e8s, Agn\u00e8s Ferr\u00e9, la primera teniente de alcald\u00eda, Judith Vidal; y la concejala de Servicios Sociales, Paqui Cepas; asistieron a la Fira d\u2019Ocupaci\u00f3 de Tarragona el pasado jueves 16 de marzo.<\/p>\n\n\n\n<p>La feria tambi\u00e9n cont\u00f3 con la presencia de varios bisbalencs y bisbalenques inscritos en el SOM Bisbal para la b\u00fasqueda de empleo, que se pudieron informar y hablar con las m\u00e1s de setenta empresas que formaron parte de esta feria impulsada por la C\u00e1mara de Comercio de Tarragona, un evento que pone en contacto a empresas y a demandantes de empleo<\/p>\n","protected":false},"excerpt":{"rendered":"<p>D&#8217;esquerra a dreta: Paqui Cepas, regidora de Serveis Socials; Josep Oriol Fern\u00e1ndez, director de formaci\u00f3 de la Cambra de Comer\u00e7; Laura Roig\u00e9, presidenta de la Cambra de Comer\u00e7 de Tarragona; &hellip; <a href=\"https:\/\/bisbalpenedes.com\/web\/2023\/03\/27\/lajuntament-de-la-bisbal-del-penedes-ha-estat-present-a-la-fira-docupacio-de-tarragona\/\" class=\"more-link\">Read More<\/a><\/p>\n","protected":false},"author":4,"featured_media":25362,"comment_status":"closed","ping_status":"closed","sticky":false,"template":"","format":"standard","meta":[],"categories":[2057,8,9],"tags":[1251,5913,393],"_links":{"self":[{"href":"https:\/\/bisbalpenedes.com\/web\/wp-json\/wp\/v2\/posts\/25361"}],"collection":[{"href":"https:\/\/bisbalpenedes.com\/web\/wp-json\/wp\/v2\/posts"}],"about":[{"href":"https:\/\/bisbalpenedes.com\/web\/wp-json\/wp\/v2\/types\/post"}],"author":[{"embeddable":true,"href":"https:\/\/bisbalpenedes.com\/web\/wp-json\/wp\/v2\/users\/4"}],"replies":[{"embeddable":true,"href":"https:\/\/bisbalpenedes.com\/web\/wp-json\/wp\/v2\/comments?post=25361"}],"version-history":[{"count":1,"href":"https:\/\/bisbalpenedes.com\/web\/wp-json\/wp\/v2\/posts\/25361\/revisions"}],"predecessor-version":[{"id":25363,"href":"https:\/\/bisbalpenedes.com\/web\/wp-json\/wp\/v2\/posts\/25361\/revisions\/25363"}],"wp:featuredmedia":[{"embeddable":true,"href":"https:\/\/bisbalpenedes.com\/web\/wp-json\/wp\/v2\/media\/25362"}],"wp:attachment":[{"href":"https:\/\/bisbalpenedes.com\/web\/wp-json\/wp\/v2\/media?parent=25361"}],"wp:term":[{"taxonomy":"category","embeddable":true,"href":"https:\/\/bisbalpenedes.com\/web\/wp-json\/wp\/v2\/categories?post=25361"},{"taxonomy":"post_tag","embeddable":true,"href":"https:\/\/bisbalpenedes.com\/web\/wp-json\/wp\/v2\/tags?post=25361"}],"curies":[{"name":"wp","href":"https:\/\/api.w.org\/{rel}","templated":true}]}}