{"id":25355,"date":"2023-03-27T19:56:58","date_gmt":"2023-03-27T17:56:58","guid":{"rendered":"https:\/\/bisbalpenedes.com\/web\/?p=25355"},"modified":"2023-03-27T19:58:42","modified_gmt":"2023-03-27T17:58:42","slug":"aplec-de-santa-cirstina-senderistes-bisbalencs-fara-la-seva-tradicional-caminada-a-santa-cristina-el-dilluns-de-pasqua-enguany-tambe-hi-haura-una-gran-paella-popular","status":"publish","type":"post","link":"https:\/\/bisbalpenedes.com\/web\/2023\/03\/27\/aplec-de-santa-cirstina-senderistes-bisbalencs-fara-la-seva-tradicional-caminada-a-santa-cristina-el-dilluns-de-pasqua-enguany-tambe-hi-haura-una-gran-paella-popular\/","title":{"rendered":"Aplec de Santa Cirstina: Senderistes Bisbalencs faran la seva tradicional caminada a Santa Cristina el dilluns de Pasqua &#8211; Enguany tamb\u00e9 hi haur\u00e0 una gran paella popular"},"content":{"rendered":"\n<p><br>Senderistes Bisbalencs far\u00e0 la seva tradicional caminada a l\u2019ermita de Santa Cristina el proper dilluns de Pasqua (10 d\u2019abril) i enguany, a m\u00e9s, faran una gran paella popular.<\/p>\n\n\n\n<p>Per menjar paella, cal que reserveu abans del dia 3 d\u2019abril als tel\u00e8fons que trobareu al cartell.<\/p>\n\n\n\n<hr class=\"wp-block-separator has-alpha-channel-opacity\"\/>\n\n\n\n<p>Senderistes Bisbalencs har\u00e1 su tradicional caminada a la ermita de Santa Cristina el pr\u00f3ximo lunes de Pascua (10 de abril) y este a\u00f1o, adem\u00e1s, har\u00e1n una gran paella popular.<\/p>\n\n\n\n<p>Para comer paella, es necesario que reserv\u00e9is antes del d\u00eda 3 de abril en los tel\u00e9fonos que encontrar\u00e9is en el cartel.<\/p>\n","protected":false},"excerpt":{"rendered":"<p>Senderistes Bisbalencs far\u00e0 la seva tradicional caminada a l\u2019ermita de Santa Cristina el proper dilluns de Pasqua (10 d\u2019abril) i enguany, a m\u00e9s, faran una gran paella popular. Per menjar &hellip; <a href=\"https:\/\/bisbalpenedes.com\/web\/2023\/03\/27\/aplec-de-santa-cirstina-senderistes-bisbalencs-fara-la-seva-tradicional-caminada-a-santa-cristina-el-dilluns-de-pasqua-enguany-tambe-hi-haura-una-gran-paella-popular\/\" class=\"more-link\">Read More<\/a><\/p>\n","protected":false},"author":4,"featured_media":25356,"comment_status":"closed","ping_status":"closed","sticky":false,"template":"","format":"standard","meta":[],"categories":[8],"tags":[459,2944,393,5912,622,856],"_links":{"self":[{"href":"https:\/\/bisbalpenedes.com\/web\/wp-json\/wp\/v2\/posts\/25355"}],"collection":[{"href":"https:\/\/bisbalpenedes.com\/web\/wp-json\/wp\/v2\/posts"}],"about":[{"href":"https:\/\/bisbalpenedes.com\/web\/wp-json\/wp\/v2\/types\/post"}],"author":[{"embeddable":true,"href":"https:\/\/bisbalpenedes.com\/web\/wp-json\/wp\/v2\/users\/4"}],"replies":[{"embeddable":true,"href":"https:\/\/bisbalpenedes.com\/web\/wp-json\/wp\/v2\/comments?post=25355"}],"version-history":[{"count":2,"href":"https:\/\/bisbalpenedes.com\/web\/wp-json\/wp\/v2\/posts\/25355\/revisions"}],"predecessor-version":[{"id":25358,"href":"https:\/\/bisbalpenedes.com\/web\/wp-json\/wp\/v2\/posts\/25355\/revisions\/25358"}],"wp:featuredmedia":[{"embeddable":true,"href":"https:\/\/bisbalpenedes.com\/web\/wp-json\/wp\/v2\/media\/25356"}],"wp:attachment":[{"href":"https:\/\/bisbalpenedes.com\/web\/wp-json\/wp\/v2\/media?parent=25355"}],"wp:term":[{"taxonomy":"category","embeddable":true,"href":"https:\/\/bisbalpenedes.com\/web\/wp-json\/wp\/v2\/categories?post=25355"},{"taxonomy":"post_tag","embeddable":true,"href":"https:\/\/bisbalpenedes.com\/web\/wp-json\/wp\/v2\/tags?post=25355"}],"curies":[{"name":"wp","href":"https:\/\/api.w.org\/{rel}","templated":true}]}}